{"id":7106,"date":"2022-02-19T15:13:53","date_gmt":"2022-02-19T15:13:53","guid":{"rendered":"https:\/\/sinticomp.org.br\/portal\/?p=7106"},"modified":"2022-02-19T15:19:57","modified_gmt":"2022-02-19T15:19:57","slug":"locais-de-trabalho-seguros-e-saudaveis","status":"publish","type":"post","link":"https:\/\/sinticomp.org.br\/portal\/locais-de-trabalho-seguros-e-saudaveis\/","title":{"rendered":"LOCAIS DE TRABALHO SEGUROS E SAUD\u00c1VEIS"},"content":{"rendered":"<p><img fetchpriority=\"high\" decoding=\"async\" class=\"alignnone size-medium wp-image-7107\" src=\"https:\/\/sinticomp.org.br\/portal\/wp-content\/uploads\/2022\/02\/09022022Faber-Castell009-300x200.jpg\" alt=\"\" width=\"300\" height=\"200\" srcset=\"https:\/\/sinticomp.org.br\/portal\/wp-content\/uploads\/2022\/02\/09022022Faber-Castell009-300x200.jpg 300w, https:\/\/sinticomp.org.br\/portal\/wp-content\/uploads\/2022\/02\/09022022Faber-Castell009-768x512.jpg 768w, https:\/\/sinticomp.org.br\/portal\/wp-content\/uploads\/2022\/02\/09022022Faber-Castell009-350x233.jpg 350w, https:\/\/sinticomp.org.br\/portal\/wp-content\/uploads\/2022\/02\/09022022Faber-Castell009.jpg 1024w\" sizes=\"(max-width: 300px) 100vw, 300px\" \/><\/p>\n<p>&nbsp;<\/p>\n<p>No dia 09 de Fevereiro de 2022, na sede da FEQUINFAR em S\u00e3o Paulo &#8211; capital, diretores dos Sindicatos de Prata &#8211; S\u00e3o Carlos e Manaus, FEQUINFAR, assim como representantes da ICM\/BWI, diretor e gerente da Faber-Castell Brasil, se reuniram para assinarem importante documento, onde se declara que a empresa Faber-Castell, em v\u00e1rios pa\u00edses, inclusive na ALEMANHA, se comprometem a manter pol\u00edticas e pr\u00e1ticas de locais de trabalho seguro e saud\u00e1vel.<\/p>\n<p>Iniciativa da ICM, abra\u00e7ada com muito carinho e responsabilidade pelo Diretor de Recursos Humanos e Sustentabilidade &#8211; MIGUEL FRANCISCO FERES, sendo assim aprovada por mais de 90% das unidades Faber-Castell no mundo&#8230;a declara\u00e7\u00e3o em destaque foi lida e apresentada por EVANDRO CIARLO &#8211; Gerente das unidades de Fabrica\u00e7\u00e3o do L\u00e1pis e n\u00e3o l\u00e1pis em Prata MG &#8211; S\u00e3o Carlos SP e Manaus AM.<\/p>\n<p>Diante dos fatos, n\u00f3s representantes sindicais, agradecemos e enaltecemos importante passo.<\/p>\n<p>&nbsp;<\/p>\n<p>&nbsp;<\/p>\n<p>&nbsp;<\/p>\n<div id='gallery-1' class='gallery galleryid-7106 gallery-columns-3 gallery-size-thumbnail'><figure class='gallery-item'>\n\t\t\t<div class='gallery-icon landscape'>\n\t\t\t\t<a href='https:\/\/sinticomp.org.br\/portal\/locais-de-trabalho-seguros-e-saudaveis\/09022022faber-castell009\/#main'><img decoding=\"async\" width=\"150\" height=\"150\" src=\"https:\/\/sinticomp.org.br\/portal\/wp-content\/uploads\/2022\/02\/09022022Faber-Castell009-150x150.jpg\" class=\"attachment-thumbnail size-thumbnail\" alt=\"\" \/><\/a>\n\t\t\t<\/div><\/figure><figure class='gallery-item'>\n\t\t\t<div class='gallery-icon landscape'>\n\t\t\t\t<a href='https:\/\/sinticomp.org.br\/portal\/locais-de-trabalho-seguros-e-saudaveis\/09022022faber-castell001\/#main'><img decoding=\"async\" width=\"150\" height=\"150\" src=\"https:\/\/sinticomp.org.br\/portal\/wp-content\/uploads\/2022\/02\/09022022Faber-Castell001-150x150.jpg\" class=\"attachment-thumbnail size-thumbnail\" alt=\"\" \/><\/a>\n\t\t\t<\/div><\/figure><figure class='gallery-item'>\n\t\t\t<div class='gallery-icon landscape'>\n\t\t\t\t<a href='https:\/\/sinticomp.org.br\/portal\/locais-de-trabalho-seguros-e-saudaveis\/09022022faber-castell002\/#main'><img loading=\"lazy\" decoding=\"async\" width=\"150\" height=\"150\" src=\"https:\/\/sinticomp.org.br\/portal\/wp-content\/uploads\/2022\/02\/09022022Faber-Castell002-150x150.jpg\" class=\"attachment-thumbnail size-thumbnail\" alt=\"\" \/><\/a>\n\t\t\t<\/div><\/figure><figure class='gallery-item'>\n\t\t\t<div class='gallery-icon landscape'>\n\t\t\t\t<a href='https:\/\/sinticomp.org.br\/portal\/locais-de-trabalho-seguros-e-saudaveis\/09022022faber-castell003\/#main'><img loading=\"lazy\" decoding=\"async\" width=\"150\" height=\"150\" src=\"https:\/\/sinticomp.org.br\/portal\/wp-content\/uploads\/2022\/02\/09022022Faber-Castell003-150x150.jpg\" class=\"attachment-thumbnail size-thumbnail\" alt=\"\" \/><\/a>\n\t\t\t<\/div><\/figure><figure class='gallery-item'>\n\t\t\t<div class='gallery-icon landscape'>\n\t\t\t\t<a href='https:\/\/sinticomp.org.br\/portal\/locais-de-trabalho-seguros-e-saudaveis\/09022022faber-castell004\/#main'><img loading=\"lazy\" decoding=\"async\" width=\"150\" height=\"150\" src=\"https:\/\/sinticomp.org.br\/portal\/wp-content\/uploads\/2022\/02\/09022022Faber-Castell004-150x150.jpg\" class=\"attachment-thumbnail size-thumbnail\" alt=\"\" \/><\/a>\n\t\t\t<\/div><\/figure><figure class='gallery-item'>\n\t\t\t<div class='gallery-icon landscape'>\n\t\t\t\t<a href='https:\/\/sinticomp.org.br\/portal\/locais-de-trabalho-seguros-e-saudaveis\/09022022faber-castell010\/#main'><img loading=\"lazy\" decoding=\"async\" width=\"150\" height=\"150\" src=\"https:\/\/sinticomp.org.br\/portal\/wp-content\/uploads\/2022\/02\/09022022Faber-Castell010-150x150.jpg\" class=\"attachment-thumbnail size-thumbnail\" alt=\"\" \/><\/a>\n\t\t\t<\/div><\/figure><figure class='gallery-item'>\n\t\t\t<div class='gallery-icon landscape'>\n\t\t\t\t<a href='https:\/\/sinticomp.org.br\/portal\/locais-de-trabalho-seguros-e-saudaveis\/09022022faber-castell013\/#main'><img loading=\"lazy\" decoding=\"async\" width=\"150\" height=\"150\" src=\"https:\/\/sinticomp.org.br\/portal\/wp-content\/uploads\/2022\/02\/09022022Faber-Castell013-150x150.jpg\" class=\"attachment-thumbnail size-thumbnail\" alt=\"\" \/><\/a>\n\t\t\t<\/div><\/figure><figure class='gallery-item'>\n\t\t\t<div class='gallery-icon landscape'>\n\t\t\t\t<a href='https:\/\/sinticomp.org.br\/portal\/locais-de-trabalho-seguros-e-saudaveis\/09022022faber-castell021\/#main'><img loading=\"lazy\" decoding=\"async\" width=\"150\" height=\"150\" src=\"https:\/\/sinticomp.org.br\/portal\/wp-content\/uploads\/2022\/02\/09022022Faber-Castell021-150x150.jpg\" class=\"attachment-thumbnail size-thumbnail\" alt=\"\" \/><\/a>\n\t\t\t<\/div><\/figure><figure class='gallery-item'>\n\t\t\t<div class='gallery-icon landscape'>\n\t\t\t\t<a href='https:\/\/sinticomp.org.br\/portal\/locais-de-trabalho-seguros-e-saudaveis\/09022022faber-castell023\/#main'><img loading=\"lazy\" decoding=\"async\" width=\"150\" height=\"150\" src=\"https:\/\/sinticomp.org.br\/portal\/wp-content\/uploads\/2022\/02\/09022022Faber-Castell023-150x150.jpg\" class=\"attachment-thumbnail size-thumbnail\" alt=\"\" \/><\/a>\n\t\t\t<\/div><\/figure><figure class='gallery-item'>\n\t\t\t<div class='gallery-icon landscape'>\n\t\t\t\t<a href='https:\/\/sinticomp.org.br\/portal\/locais-de-trabalho-seguros-e-saudaveis\/09022022faber-castell045\/#main'><img loading=\"lazy\" decoding=\"async\" width=\"150\" height=\"150\" src=\"https:\/\/sinticomp.org.br\/portal\/wp-content\/uploads\/2022\/02\/09022022Faber-Castell045-150x150.jpg\" class=\"attachment-thumbnail size-thumbnail\" alt=\"\" \/><\/a>\n\t\t\t<\/div><\/figure><figure class='gallery-item'>\n\t\t\t<div class='gallery-icon landscape'>\n\t\t\t\t<a href='https:\/\/sinticomp.org.br\/portal\/locais-de-trabalho-seguros-e-saudaveis\/09022022faber-castell047\/#main'><img loading=\"lazy\" decoding=\"async\" width=\"150\" height=\"150\" src=\"https:\/\/sinticomp.org.br\/portal\/wp-content\/uploads\/2022\/02\/09022022Faber-Castell047-150x150.jpg\" class=\"attachment-thumbnail size-thumbnail\" alt=\"\" \/><\/a>\n\t\t\t<\/div><\/figure><figure class='gallery-item'>\n\t\t\t<div class='gallery-icon landscape'>\n\t\t\t\t<a href='https:\/\/sinticomp.org.br\/portal\/locais-de-trabalho-seguros-e-saudaveis\/09022022faber-castell053\/#main'><img loading=\"lazy\" decoding=\"async\" width=\"150\" height=\"150\" src=\"https:\/\/sinticomp.org.br\/portal\/wp-content\/uploads\/2022\/02\/09022022Faber-Castell053-150x150.jpg\" class=\"attachment-thumbnail size-thumbnail\" alt=\"\" \/><\/a>\n\t\t\t<\/div><\/figure><figure class='gallery-item'>\n\t\t\t<div class='gallery-icon landscape'>\n\t\t\t\t<a href='https:\/\/sinticomp.org.br\/portal\/locais-de-trabalho-seguros-e-saudaveis\/09022022faber-castell065\/#main'><img loading=\"lazy\" decoding=\"async\" width=\"150\" height=\"150\" src=\"https:\/\/sinticomp.org.br\/portal\/wp-content\/uploads\/2022\/02\/09022022Faber-Castell065-150x150.jpg\" class=\"attachment-thumbnail size-thumbnail\" alt=\"\" \/><\/a>\n\t\t\t<\/div><\/figure><figure class='gallery-item'>\n\t\t\t<div class='gallery-icon landscape'>\n\t\t\t\t<a href='https:\/\/sinticomp.org.br\/portal\/locais-de-trabalho-seguros-e-saudaveis\/09022022faber-castell066\/#main'><img loading=\"lazy\" decoding=\"async\" width=\"150\" height=\"150\" src=\"https:\/\/sinticomp.org.br\/portal\/wp-content\/uploads\/2022\/02\/09022022Faber-Castell066-150x150.jpg\" class=\"attachment-thumbnail size-thumbnail\" alt=\"\" \/><\/a>\n\t\t\t<\/div><\/figure><figure class='gallery-item'>\n\t\t\t<div class='gallery-icon landscape'>\n\t\t\t\t<a href='https:\/\/sinticomp.org.br\/portal\/locais-de-trabalho-seguros-e-saudaveis\/09022022faber-castell111\/#main'><img loading=\"lazy\" decoding=\"async\" width=\"150\" height=\"150\" src=\"https:\/\/sinticomp.org.br\/portal\/wp-content\/uploads\/2022\/02\/09022022Faber-Castell111-150x150.jpg\" class=\"attachment-thumbnail size-thumbnail\" alt=\"\" \/><\/a>\n\t\t\t<\/div><\/figure><figure class='gallery-item'>\n\t\t\t<div class='gallery-icon landscape'>\n\t\t\t\t<a href='https:\/\/sinticomp.org.br\/portal\/locais-de-trabalho-seguros-e-saudaveis\/09022022faber-castell112\/#main'><img loading=\"lazy\" decoding=\"async\" width=\"150\" height=\"150\" src=\"https:\/\/sinticomp.org.br\/portal\/wp-content\/uploads\/2022\/02\/09022022Faber-Castell112-150x150.jpg\" class=\"attachment-thumbnail size-thumbnail\" alt=\"\" \/><\/a>\n\t\t\t<\/div><\/figure><figure class='gallery-item'>\n\t\t\t<div class='gallery-icon landscape'>\n\t\t\t\t<a href='https:\/\/sinticomp.org.br\/portal\/locais-de-trabalho-seguros-e-saudaveis\/09022022faber-castell113\/#main'><img loading=\"lazy\" decoding=\"async\" width=\"150\" height=\"150\" src=\"https:\/\/sinticomp.org.br\/portal\/wp-content\/uploads\/2022\/02\/09022022Faber-Castell113-150x150.jpg\" class=\"attachment-thumbnail size-thumbnail\" alt=\"\" \/><\/a>\n\t\t\t<\/div><\/figure><figure class='gallery-item'>\n\t\t\t<div class='gallery-icon landscape'>\n\t\t\t\t<a href='https:\/\/sinticomp.org.br\/portal\/locais-de-trabalho-seguros-e-saudaveis\/09022022faber-castell114\/#main'><img loading=\"lazy\" decoding=\"async\" width=\"150\" height=\"150\" src=\"https:\/\/sinticomp.org.br\/portal\/wp-content\/uploads\/2022\/02\/09022022Faber-Castell114-150x150.jpg\" class=\"attachment-thumbnail size-thumbnail\" alt=\"\" \/><\/a>\n\t\t\t<\/div><\/figure><figure class='gallery-item'>\n\t\t\t<div class='gallery-icon landscape'>\n\t\t\t\t<a href='https:\/\/sinticomp.org.br\/portal\/locais-de-trabalho-seguros-e-saudaveis\/09022022faber-castell118\/#main'><img loading=\"lazy\" decoding=\"async\" width=\"150\" height=\"150\" src=\"https:\/\/sinticomp.org.br\/portal\/wp-content\/uploads\/2022\/02\/09022022Faber-Castell118-150x150.jpg\" class=\"attachment-thumbnail size-thumbnail\" alt=\"\" \/><\/a>\n\t\t\t<\/div><\/figure><figure class='gallery-item'>\n\t\t\t<div class='gallery-icon landscape'>\n\t\t\t\t<a href='https:\/\/sinticomp.org.br\/portal\/locais-de-trabalho-seguros-e-saudaveis\/09022022faber-castell123\/#main'><img loading=\"lazy\" decoding=\"async\" width=\"150\" height=\"150\" src=\"https:\/\/sinticomp.org.br\/portal\/wp-content\/uploads\/2022\/02\/09022022Faber-Castell123-150x150.jpg\" class=\"attachment-thumbnail size-thumbnail\" alt=\"\" \/><\/a>\n\t\t\t<\/div><\/figure><figure class='gallery-item'>\n\t\t\t<div class='gallery-icon landscape'>\n\t\t\t\t<a href='https:\/\/sinticomp.org.br\/portal\/locais-de-trabalho-seguros-e-saudaveis\/09022022faber-castell128\/#main'><img loading=\"lazy\" decoding=\"async\" width=\"150\" height=\"150\" src=\"https:\/\/sinticomp.org.br\/portal\/wp-content\/uploads\/2022\/02\/09022022Faber-Castell128-150x150.jpg\" class=\"attachment-thumbnail size-thumbnail\" alt=\"\" \/><\/a>\n\t\t\t<\/div><\/figure><figure class='gallery-item'>\n\t\t\t<div class='gallery-icon landscape'>\n\t\t\t\t<a href='https:\/\/sinticomp.org.br\/portal\/locais-de-trabalho-seguros-e-saudaveis\/09022022faber-castell131\/#main'><img loading=\"lazy\" decoding=\"async\" width=\"150\" height=\"150\" src=\"https:\/\/sinticomp.org.br\/portal\/wp-content\/uploads\/2022\/02\/09022022Faber-Castell131-150x150.jpg\" class=\"attachment-thumbnail size-thumbnail\" alt=\"\" \/><\/a>\n\t\t\t<\/div><\/figure><figure class='gallery-item'>\n\t\t\t<div class='gallery-icon landscape'>\n\t\t\t\t<a href='https:\/\/sinticomp.org.br\/portal\/locais-de-trabalho-seguros-e-saudaveis\/09022022faber-castell137\/#main'><img loading=\"lazy\" decoding=\"async\" width=\"150\" height=\"150\" src=\"https:\/\/sinticomp.org.br\/portal\/wp-content\/uploads\/2022\/02\/09022022Faber-Castell137-150x150.jpg\" class=\"attachment-thumbnail size-thumbnail\" alt=\"\" \/><\/a>\n\t\t\t<\/div><\/figure><figure class='gallery-item'>\n\t\t\t<div class='gallery-icon landscape'>\n\t\t\t\t<a href='https:\/\/sinticomp.org.br\/portal\/locais-de-trabalho-seguros-e-saudaveis\/09022022faber-castell138\/#main'><img loading=\"lazy\" decoding=\"async\" width=\"150\" height=\"150\" src=\"https:\/\/sinticomp.org.br\/portal\/wp-content\/uploads\/2022\/02\/09022022Faber-Castell138-150x150.jpg\" class=\"attachment-thumbnail size-thumbnail\" alt=\"\" \/><\/a>\n\t\t\t<\/div><\/figure><figure class='gallery-item'>\n\t\t\t<div class='gallery-icon landscape'>\n\t\t\t\t<a href='https:\/\/sinticomp.org.br\/portal\/locais-de-trabalho-seguros-e-saudaveis\/09022022faber-castell140\/#main'><img loading=\"lazy\" decoding=\"async\" width=\"150\" height=\"150\" src=\"https:\/\/sinticomp.org.br\/portal\/wp-content\/uploads\/2022\/02\/09022022Faber-Castell140-150x150.jpg\" class=\"attachment-thumbnail size-thumbnail\" alt=\"\" \/><\/a>\n\t\t\t<\/div><\/figure><figure class='gallery-item'>\n\t\t\t<div class='gallery-icon landscape'>\n\t\t\t\t<a href='https:\/\/sinticomp.org.br\/portal\/locais-de-trabalho-seguros-e-saudaveis\/09022022faber-castell141\/#main'><img loading=\"lazy\" decoding=\"async\" width=\"150\" height=\"150\" src=\"https:\/\/sinticomp.org.br\/portal\/wp-content\/uploads\/2022\/02\/09022022Faber-Castell141-150x150.jpg\" class=\"attachment-thumbnail size-thumbnail\" alt=\"\" \/><\/a>\n\t\t\t<\/div><\/figure><figure class='gallery-item'>\n\t\t\t<div class='gallery-icon landscape'>\n\t\t\t\t<a href='https:\/\/sinticomp.org.br\/portal\/locais-de-trabalho-seguros-e-saudaveis\/09022022faber-castell143\/#main'><img loading=\"lazy\" decoding=\"async\" width=\"150\" height=\"150\" src=\"https:\/\/sinticomp.org.br\/portal\/wp-content\/uploads\/2022\/02\/09022022Faber-Castell143-150x150.jpg\" class=\"attachment-thumbnail size-thumbnail\" alt=\"\" \/><\/a>\n\t\t\t<\/div><\/figure><figure class='gallery-item'>\n\t\t\t<div class='gallery-icon landscape'>\n\t\t\t\t<a href='https:\/\/sinticomp.org.br\/portal\/locais-de-trabalho-seguros-e-saudaveis\/09022022faber-castell144\/#main'><img loading=\"lazy\" decoding=\"async\" width=\"150\" height=\"150\" src=\"https:\/\/sinticomp.org.br\/portal\/wp-content\/uploads\/2022\/02\/09022022Faber-Castell144-150x150.jpg\" class=\"attachment-thumbnail size-thumbnail\" alt=\"\" \/><\/a>\n\t\t\t<\/div><\/figure><figure class='gallery-item'>\n\t\t\t<div class='gallery-icon landscape'>\n\t\t\t\t<a href='https:\/\/sinticomp.org.br\/portal\/locais-de-trabalho-seguros-e-saudaveis\/09022022faber-castell145\/#main'><img loading=\"lazy\" decoding=\"async\" width=\"150\" height=\"150\" src=\"https:\/\/sinticomp.org.br\/portal\/wp-content\/uploads\/2022\/02\/09022022Faber-Castell145-150x150.jpg\" class=\"attachment-thumbnail size-thumbnail\" alt=\"\" \/><\/a>\n\t\t\t<\/div><\/figure><figure class='gallery-item'>\n\t\t\t<div class='gallery-icon landscape'>\n\t\t\t\t<a href='https:\/\/sinticomp.org.br\/portal\/locais-de-trabalho-seguros-e-saudaveis\/09022022faber-castell148\/#main'><img loading=\"lazy\" decoding=\"async\" width=\"150\" height=\"150\" src=\"https:\/\/sinticomp.org.br\/portal\/wp-content\/uploads\/2022\/02\/09022022Faber-Castell148-150x150.jpg\" class=\"attachment-thumbnail size-thumbnail\" alt=\"\" \/><\/a>\n\t\t\t<\/div><\/figure><figure class='gallery-item'>\n\t\t\t<div class='gallery-icon landscape'>\n\t\t\t\t<a href='https:\/\/sinticomp.org.br\/portal\/locais-de-trabalho-seguros-e-saudaveis\/09022022faber-castell157\/#main'><img loading=\"lazy\" decoding=\"async\" width=\"150\" height=\"150\" src=\"https:\/\/sinticomp.org.br\/portal\/wp-content\/uploads\/2022\/02\/09022022Faber-Castell157-150x150.jpg\" class=\"attachment-thumbnail size-thumbnail\" alt=\"\" \/><\/a>\n\t\t\t<\/div><\/figure><figure class='gallery-item'>\n\t\t\t<div class='gallery-icon landscape'>\n\t\t\t\t<a href='https:\/\/sinticomp.org.br\/portal\/locais-de-trabalho-seguros-e-saudaveis\/09022022faber-castell168\/#main'><img loading=\"lazy\" decoding=\"async\" width=\"150\" height=\"150\" src=\"https:\/\/sinticomp.org.br\/portal\/wp-content\/uploads\/2022\/02\/09022022Faber-Castell168-150x150.jpg\" class=\"attachment-thumbnail size-thumbnail\" alt=\"\" \/><\/a>\n\t\t\t<\/div><\/figure><figure class='gallery-item'>\n\t\t\t<div class='gallery-icon landscape'>\n\t\t\t\t<a href='https:\/\/sinticomp.org.br\/portal\/locais-de-trabalho-seguros-e-saudaveis\/09022022faber-castell173\/#main'><img loading=\"lazy\" decoding=\"async\" width=\"150\" height=\"150\" src=\"https:\/\/sinticomp.org.br\/portal\/wp-content\/uploads\/2022\/02\/09022022Faber-Castell173-150x150.jpg\" class=\"attachment-thumbnail size-thumbnail\" alt=\"\" \/><\/a>\n\t\t\t<\/div><\/figure><figure class='gallery-item'>\n\t\t\t<div class='gallery-icon landscape'>\n\t\t\t\t<a href='https:\/\/sinticomp.org.br\/portal\/locais-de-trabalho-seguros-e-saudaveis\/09022022faber-castell178\/#main'><img loading=\"lazy\" decoding=\"async\" width=\"150\" height=\"150\" src=\"https:\/\/sinticomp.org.br\/portal\/wp-content\/uploads\/2022\/02\/09022022Faber-Castell178-150x150.jpg\" class=\"attachment-thumbnail size-thumbnail\" alt=\"\" \/><\/a>\n\t\t\t<\/div><\/figure><figure class='gallery-item'>\n\t\t\t<div class='gallery-icon landscape'>\n\t\t\t\t<a href='https:\/\/sinticomp.org.br\/portal\/locais-de-trabalho-seguros-e-saudaveis\/09022022faber-castell185\/#main'><img loading=\"lazy\" decoding=\"async\" width=\"150\" height=\"150\" src=\"https:\/\/sinticomp.org.br\/portal\/wp-content\/uploads\/2022\/02\/09022022Faber-Castell185-150x150.jpg\" class=\"attachment-thumbnail size-thumbnail\" alt=\"\" \/><\/a>\n\t\t\t<\/div><\/figure><figure class='gallery-item'>\n\t\t\t<div class='gallery-icon landscape'>\n\t\t\t\t<a href='https:\/\/sinticomp.org.br\/portal\/locais-de-trabalho-seguros-e-saudaveis\/09022022faber-castell199\/#main'><img loading=\"lazy\" decoding=\"async\" width=\"150\" height=\"150\" src=\"https:\/\/sinticomp.org.br\/portal\/wp-content\/uploads\/2022\/02\/09022022Faber-Castell199-150x150.jpg\" class=\"attachment-thumbnail size-thumbnail\" alt=\"\" \/><\/a>\n\t\t\t<\/div><\/figure><figure class='gallery-item'>\n\t\t\t<div class='gallery-icon landscape'>\n\t\t\t\t<a href='https:\/\/sinticomp.org.br\/portal\/locais-de-trabalho-seguros-e-saudaveis\/09022022faber-castell205\/#main'><img loading=\"lazy\" decoding=\"async\" width=\"150\" height=\"150\" src=\"https:\/\/sinticomp.org.br\/portal\/wp-content\/uploads\/2022\/02\/09022022Faber-Castell205-150x150.jpg\" class=\"attachment-thumbnail size-thumbnail\" alt=\"\" \/><\/a>\n\t\t\t<\/div><\/figure><figure class='gallery-item'>\n\t\t\t<div class='gallery-icon landscape'>\n\t\t\t\t<a href='https:\/\/sinticomp.org.br\/portal\/locais-de-trabalho-seguros-e-saudaveis\/09022022faber-castell226\/#main'><img loading=\"lazy\" decoding=\"async\" width=\"150\" height=\"150\" src=\"https:\/\/sinticomp.org.br\/portal\/wp-content\/uploads\/2022\/02\/09022022Faber-Castell226-150x150.jpg\" class=\"attachment-thumbnail size-thumbnail\" alt=\"\" \/><\/a>\n\t\t\t<\/div><\/figure><figure class='gallery-item'>\n\t\t\t<div class='gallery-icon landscape'>\n\t\t\t\t<a href='https:\/\/sinticomp.org.br\/portal\/locais-de-trabalho-seguros-e-saudaveis\/09022022faber-castell228\/#main'><img loading=\"lazy\" decoding=\"async\" width=\"150\" height=\"150\" src=\"https:\/\/sinticomp.org.br\/portal\/wp-content\/uploads\/2022\/02\/09022022Faber-Castell228-150x150.jpg\" class=\"attachment-thumbnail size-thumbnail\" alt=\"\" \/><\/a>\n\t\t\t<\/div><\/figure><figure class='gallery-item'>\n\t\t\t<div class='gallery-icon landscape'>\n\t\t\t\t<a href='https:\/\/sinticomp.org.br\/portal\/locais-de-trabalho-seguros-e-saudaveis\/09022022faber-castell231\/#main'><img loading=\"lazy\" decoding=\"async\" width=\"150\" height=\"150\" src=\"https:\/\/sinticomp.org.br\/portal\/wp-content\/uploads\/2022\/02\/09022022Faber-Castell231-150x150.jpg\" class=\"attachment-thumbnail size-thumbnail\" alt=\"\" \/><\/a>\n\t\t\t<\/div><\/figure><figure class='gallery-item'>\n\t\t\t<div class='gallery-icon landscape'>\n\t\t\t\t<a href='https:\/\/sinticomp.org.br\/portal\/locais-de-trabalho-seguros-e-saudaveis\/09022022faber-castell233\/#main'><img loading=\"lazy\" decoding=\"async\" width=\"150\" height=\"150\" src=\"https:\/\/sinticomp.org.br\/portal\/wp-content\/uploads\/2022\/02\/09022022Faber-Castell233-150x150.jpg\" class=\"attachment-thumbnail size-thumbnail\" alt=\"\" \/><\/a>\n\t\t\t<\/div><\/figure>\n\t\t<\/div>\n\n<p>&nbsp;<\/p>\n","protected":false},"excerpt":{"rendered":"<p>&nbsp; No dia 09 de Fevereiro de 2022, na sede da FEQUINFAR em S\u00e3o Paulo &#8211; capital, diretores dos Sindicatos de Prata &#8211; S\u00e3o Carlos e Manaus, FEQUINFAR, assim como representantes da ICM\/BWI, diretor e gerente da Faber-Castell Brasil, se reuniram para assinarem importante documento, onde se declara que a empresa Faber-Castell, em v\u00e1rios pa\u00edses, &#8230; <a title=\"LOCAIS DE TRABALHO SEGUROS E SAUD\u00c1VEIS\" class=\"read-more\" href=\"https:\/\/sinticomp.org.br\/portal\/locais-de-trabalho-seguros-e-saudaveis\/\" aria-label=\"Read more about LOCAIS DE TRABALHO SEGUROS E SAUD\u00c1VEIS\">Ler mais<\/a><\/p>\n","protected":false},"author":2,"featured_media":7107,"comment_status":"open","ping_status":"open","sticky":false,"template":"","format":"standard","meta":{"footnotes":"","_links_to":"","_links_to_target":""},"categories":[355],"tags":[],"class_list":["post-7106","post","type-post","status-publish","format-standard","has-post-thumbnail","hentry","category-noticia"],"yoast_head":"<!-- This site is optimized with the Yoast SEO plugin v24.7 - https:\/\/yoast.com\/wordpress\/plugins\/seo\/ -->\n<title>LOCAIS DE TRABALHO SEGUROS E SAUD\u00c1VEIS - Sinticomp - Prata<\/title>\n<meta name=\"robots\" content=\"index, follow, max-snippet:-1, max-image-preview:large, max-video-preview:-1\" \/>\n<link rel=\"canonical\" href=\"https:\/\/sinticomp.org.br\/portal\/locais-de-trabalho-seguros-e-saudaveis\/\" \/>\n<meta property=\"og:locale\" content=\"pt_BR\" \/>\n<meta property=\"og:type\" content=\"article\" \/>\n<meta property=\"og:title\" content=\"LOCAIS DE TRABALHO SEGUROS E SAUD\u00c1VEIS - Sinticomp - Prata\" \/>\n<meta property=\"og:description\" content=\"&nbsp; No dia 09 de Fevereiro de 2022, na sede da FEQUINFAR em S\u00e3o Paulo &#8211; capital, diretores dos Sindicatos de Prata &#8211; S\u00e3o Carlos e Manaus, FEQUINFAR, assim como representantes da ICM\/BWI, diretor e gerente da Faber-Castell Brasil, se reuniram para assinarem importante documento, onde se declara que a empresa Faber-Castell, em v\u00e1rios pa\u00edses, ... Ler mais\" \/>\n<meta property=\"og:url\" content=\"https:\/\/sinticomp.org.br\/portal\/locais-de-trabalho-seguros-e-saudaveis\/\" \/>\n<meta property=\"og:site_name\" content=\"Sinticomp - Prata\" \/>\n<meta property=\"article:publisher\" content=\"https:\/\/www.facebook.com\/Sinticomp\" \/>\n<meta property=\"article:published_time\" content=\"2022-02-19T15:13:53+00:00\" \/>\n<meta property=\"article:modified_time\" content=\"2022-02-19T15:19:57+00:00\" \/>\n<meta property=\"og:image\" content=\"https:\/\/sinticomp.org.br\/portal\/wp-content\/uploads\/2022\/02\/09022022Faber-Castell009.jpg\" \/>\n\t<meta property=\"og:image:width\" content=\"1024\" \/>\n\t<meta property=\"og:image:height\" content=\"683\" \/>\n\t<meta property=\"og:image:type\" content=\"image\/jpeg\" \/>\n<meta name=\"author\" content=\"Jo\u00e3o Francisco F. Andrade\" \/>\n<meta name=\"twitter:card\" content=\"summary_large_image\" \/>\n<meta name=\"twitter:label1\" content=\"Escrito por\" \/>\n\t<meta name=\"twitter:data1\" content=\"Jo\u00e3o Francisco F. Andrade\" \/>\n\t<meta name=\"twitter:label2\" content=\"Est. tempo de leitura\" \/>\n\t<meta name=\"twitter:data2\" content=\"1 minuto\" \/>\n<script type=\"application\/ld+json\" class=\"yoast-schema-graph\">{\"@context\":\"https:\/\/schema.org\",\"@graph\":[{\"@type\":\"Article\",\"@id\":\"https:\/\/sinticomp.org.br\/portal\/locais-de-trabalho-seguros-e-saudaveis\/#article\",\"isPartOf\":{\"@id\":\"https:\/\/sinticomp.org.br\/portal\/locais-de-trabalho-seguros-e-saudaveis\/\"},\"author\":{\"name\":\"Jo\u00e3o Francisco F. Andrade\",\"@id\":\"https:\/\/sinticomp.org.br\/portal\/#\/schema\/person\/e77f69a648b27291635a67455423511b\"},\"headline\":\"LOCAIS DE TRABALHO SEGUROS E SAUD\u00c1VEIS\",\"datePublished\":\"2022-02-19T15:13:53+00:00\",\"dateModified\":\"2022-02-19T15:19:57+00:00\",\"mainEntityOfPage\":{\"@id\":\"https:\/\/sinticomp.org.br\/portal\/locais-de-trabalho-seguros-e-saudaveis\/\"},\"wordCount\":173,\"commentCount\":0,\"publisher\":{\"@id\":\"https:\/\/sinticomp.org.br\/portal\/#organization\"},\"image\":{\"@id\":\"https:\/\/sinticomp.org.br\/portal\/locais-de-trabalho-seguros-e-saudaveis\/#primaryimage\"},\"thumbnailUrl\":\"https:\/\/sinticomp.org.br\/portal\/wp-content\/uploads\/2022\/02\/09022022Faber-Castell009.jpg\",\"articleSection\":[\"Not\u00edcia\"],\"inLanguage\":\"pt-BR\",\"potentialAction\":[{\"@type\":\"CommentAction\",\"name\":\"Comment\",\"target\":[\"https:\/\/sinticomp.org.br\/portal\/locais-de-trabalho-seguros-e-saudaveis\/#respond\"]}]},{\"@type\":\"WebPage\",\"@id\":\"https:\/\/sinticomp.org.br\/portal\/locais-de-trabalho-seguros-e-saudaveis\/\",\"url\":\"https:\/\/sinticomp.org.br\/portal\/locais-de-trabalho-seguros-e-saudaveis\/\",\"name\":\"LOCAIS DE TRABALHO SEGUROS E SAUD\u00c1VEIS - Sinticomp - Prata\",\"isPartOf\":{\"@id\":\"https:\/\/sinticomp.org.br\/portal\/#website\"},\"primaryImageOfPage\":{\"@id\":\"https:\/\/sinticomp.org.br\/portal\/locais-de-trabalho-seguros-e-saudaveis\/#primaryimage\"},\"image\":{\"@id\":\"https:\/\/sinticomp.org.br\/portal\/locais-de-trabalho-seguros-e-saudaveis\/#primaryimage\"},\"thumbnailUrl\":\"https:\/\/sinticomp.org.br\/portal\/wp-content\/uploads\/2022\/02\/09022022Faber-Castell009.jpg\",\"datePublished\":\"2022-02-19T15:13:53+00:00\",\"dateModified\":\"2022-02-19T15:19:57+00:00\",\"breadcrumb\":{\"@id\":\"https:\/\/sinticomp.org.br\/portal\/locais-de-trabalho-seguros-e-saudaveis\/#breadcrumb\"},\"inLanguage\":\"pt-BR\",\"potentialAction\":[{\"@type\":\"ReadAction\",\"target\":[\"https:\/\/sinticomp.org.br\/portal\/locais-de-trabalho-seguros-e-saudaveis\/\"]}]},{\"@type\":\"ImageObject\",\"inLanguage\":\"pt-BR\",\"@id\":\"https:\/\/sinticomp.org.br\/portal\/locais-de-trabalho-seguros-e-saudaveis\/#primaryimage\",\"url\":\"https:\/\/sinticomp.org.br\/portal\/wp-content\/uploads\/2022\/02\/09022022Faber-Castell009.jpg\",\"contentUrl\":\"https:\/\/sinticomp.org.br\/portal\/wp-content\/uploads\/2022\/02\/09022022Faber-Castell009.jpg\",\"width\":1024,\"height\":683},{\"@type\":\"BreadcrumbList\",\"@id\":\"https:\/\/sinticomp.org.br\/portal\/locais-de-trabalho-seguros-e-saudaveis\/#breadcrumb\",\"itemListElement\":[{\"@type\":\"ListItem\",\"position\":1,\"name\":\"In\u00edcio\",\"item\":\"https:\/\/sinticomp.org.br\/portal\/\"},{\"@type\":\"ListItem\",\"position\":2,\"name\":\"LOCAIS DE TRABALHO SEGUROS E SAUD\u00c1VEIS\"}]},{\"@type\":\"WebSite\",\"@id\":\"https:\/\/sinticomp.org.br\/portal\/#website\",\"url\":\"https:\/\/sinticomp.org.br\/portal\/\",\"name\":\"Sindicato dos Trabalhadores nas Ind\u00fastrias da Constru\u00e7\u00e3o e do Mobili\u00e1rio do Prata\",\"description\":\"Sindicato dos Trabalhadores nas Ind\u00fastrias da Constru\u00e7\u00e3o e do Mobili\u00e1rio do Prata\",\"publisher\":{\"@id\":\"https:\/\/sinticomp.org.br\/portal\/#organization\"},\"alternateName\":\"Sinticomp - Prata\",\"potentialAction\":[{\"@type\":\"SearchAction\",\"target\":{\"@type\":\"EntryPoint\",\"urlTemplate\":\"https:\/\/sinticomp.org.br\/portal\/?s={search_term_string}\"},\"query-input\":{\"@type\":\"PropertyValueSpecification\",\"valueRequired\":true,\"valueName\":\"search_term_string\"}}],\"inLanguage\":\"pt-BR\"},{\"@type\":\"Organization\",\"@id\":\"https:\/\/sinticomp.org.br\/portal\/#organization\",\"name\":\"Sindicato dos Trabalhadores nas Ind\u00fastrias da Constru\u00e7\u00e3o e do Mobili\u00e1rio do Prata\",\"alternateName\":\"Sinticomp Prata\",\"url\":\"https:\/\/sinticomp.org.br\/portal\/\",\"logo\":{\"@type\":\"ImageObject\",\"inLanguage\":\"pt-BR\",\"@id\":\"https:\/\/sinticomp.org.br\/portal\/#\/schema\/logo\/image\/\",\"url\":\"https:\/\/sinticomp.org.br\/portal\/wp-content\/uploads\/2024\/08\/Logo-Sinticomp-Prata-miniatura.jpg\",\"contentUrl\":\"https:\/\/sinticomp.org.br\/portal\/wp-content\/uploads\/2024\/08\/Logo-Sinticomp-Prata-miniatura.jpg\",\"width\":300,\"height\":314,\"caption\":\"Sindicato dos Trabalhadores nas Ind\u00fastrias da Constru\u00e7\u00e3o e do Mobili\u00e1rio do Prata\"},\"image\":{\"@id\":\"https:\/\/sinticomp.org.br\/portal\/#\/schema\/logo\/image\/\"},\"sameAs\":[\"https:\/\/www.facebook.com\/Sinticomp\",\"https:\/\/www.instagram.com\/sinticompprata\/\"]},{\"@type\":\"Person\",\"@id\":\"https:\/\/sinticomp.org.br\/portal\/#\/schema\/person\/e77f69a648b27291635a67455423511b\",\"name\":\"Jo\u00e3o Francisco F. Andrade\",\"image\":{\"@type\":\"ImageObject\",\"inLanguage\":\"pt-BR\",\"@id\":\"https:\/\/sinticomp.org.br\/portal\/#\/schema\/person\/image\/\",\"url\":\"https:\/\/secure.gravatar.com\/avatar\/ee93cc58f956b3c6cac9f6160170e360?s=96&d=mm&r=g\",\"contentUrl\":\"https:\/\/secure.gravatar.com\/avatar\/ee93cc58f956b3c6cac9f6160170e360?s=96&d=mm&r=g\",\"caption\":\"Jo\u00e3o Francisco F. Andrade\"},\"description\":\"Franciele Rodrigues do Nascimento - Arthur Andrade Nascimento\",\"url\":\"https:\/\/sinticomp.org.br\/portal\/author\/sindicato\/\"}]}<\/script>\n<!-- \/ Yoast SEO plugin. -->","yoast_head_json":{"title":"LOCAIS DE TRABALHO SEGUROS E SAUD\u00c1VEIS - Sinticomp - Prata","robots":{"index":"index","follow":"follow","max-snippet":"max-snippet:-1","max-image-preview":"max-image-preview:large","max-video-preview":"max-video-preview:-1"},"canonical":"https:\/\/sinticomp.org.br\/portal\/locais-de-trabalho-seguros-e-saudaveis\/","og_locale":"pt_BR","og_type":"article","og_title":"LOCAIS DE TRABALHO SEGUROS E SAUD\u00c1VEIS - Sinticomp - Prata","og_description":"&nbsp; No dia 09 de Fevereiro de 2022, na sede da FEQUINFAR em S\u00e3o Paulo &#8211; capital, diretores dos Sindicatos de Prata &#8211; S\u00e3o Carlos e Manaus, FEQUINFAR, assim como representantes da ICM\/BWI, diretor e gerente da Faber-Castell Brasil, se reuniram para assinarem importante documento, onde se declara que a empresa Faber-Castell, em v\u00e1rios pa\u00edses, ... Ler mais","og_url":"https:\/\/sinticomp.org.br\/portal\/locais-de-trabalho-seguros-e-saudaveis\/","og_site_name":"Sinticomp - Prata","article_publisher":"https:\/\/www.facebook.com\/Sinticomp","article_published_time":"2022-02-19T15:13:53+00:00","article_modified_time":"2022-02-19T15:19:57+00:00","og_image":[{"width":1024,"height":683,"url":"https:\/\/sinticomp.org.br\/portal\/wp-content\/uploads\/2022\/02\/09022022Faber-Castell009.jpg","type":"image\/jpeg"}],"author":"Jo\u00e3o Francisco F. Andrade","twitter_card":"summary_large_image","twitter_misc":{"Escrito por":"Jo\u00e3o Francisco F. Andrade","Est. tempo de leitura":"1 minuto"},"schema":{"@context":"https:\/\/schema.org","@graph":[{"@type":"Article","@id":"https:\/\/sinticomp.org.br\/portal\/locais-de-trabalho-seguros-e-saudaveis\/#article","isPartOf":{"@id":"https:\/\/sinticomp.org.br\/portal\/locais-de-trabalho-seguros-e-saudaveis\/"},"author":{"name":"Jo\u00e3o Francisco F. Andrade","@id":"https:\/\/sinticomp.org.br\/portal\/#\/schema\/person\/e77f69a648b27291635a67455423511b"},"headline":"LOCAIS DE TRABALHO SEGUROS E SAUD\u00c1VEIS","datePublished":"2022-02-19T15:13:53+00:00","dateModified":"2022-02-19T15:19:57+00:00","mainEntityOfPage":{"@id":"https:\/\/sinticomp.org.br\/portal\/locais-de-trabalho-seguros-e-saudaveis\/"},"wordCount":173,"commentCount":0,"publisher":{"@id":"https:\/\/sinticomp.org.br\/portal\/#organization"},"image":{"@id":"https:\/\/sinticomp.org.br\/portal\/locais-de-trabalho-seguros-e-saudaveis\/#primaryimage"},"thumbnailUrl":"https:\/\/sinticomp.org.br\/portal\/wp-content\/uploads\/2022\/02\/09022022Faber-Castell009.jpg","articleSection":["Not\u00edcia"],"inLanguage":"pt-BR","potentialAction":[{"@type":"CommentAction","name":"Comment","target":["https:\/\/sinticomp.org.br\/portal\/locais-de-trabalho-seguros-e-saudaveis\/#respond"]}]},{"@type":"WebPage","@id":"https:\/\/sinticomp.org.br\/portal\/locais-de-trabalho-seguros-e-saudaveis\/","url":"https:\/\/sinticomp.org.br\/portal\/locais-de-trabalho-seguros-e-saudaveis\/","name":"LOCAIS DE TRABALHO SEGUROS E SAUD\u00c1VEIS - Sinticomp - Prata","isPartOf":{"@id":"https:\/\/sinticomp.org.br\/portal\/#website"},"primaryImageOfPage":{"@id":"https:\/\/sinticomp.org.br\/portal\/locais-de-trabalho-seguros-e-saudaveis\/#primaryimage"},"image":{"@id":"https:\/\/sinticomp.org.br\/portal\/locais-de-trabalho-seguros-e-saudaveis\/#primaryimage"},"thumbnailUrl":"https:\/\/sinticomp.org.br\/portal\/wp-content\/uploads\/2022\/02\/09022022Faber-Castell009.jpg","datePublished":"2022-02-19T15:13:53+00:00","dateModified":"2022-02-19T15:19:57+00:00","breadcrumb":{"@id":"https:\/\/sinticomp.org.br\/portal\/locais-de-trabalho-seguros-e-saudaveis\/#breadcrumb"},"inLanguage":"pt-BR","potentialAction":[{"@type":"ReadAction","target":["https:\/\/sinticomp.org.br\/portal\/locais-de-trabalho-seguros-e-saudaveis\/"]}]},{"@type":"ImageObject","inLanguage":"pt-BR","@id":"https:\/\/sinticomp.org.br\/portal\/locais-de-trabalho-seguros-e-saudaveis\/#primaryimage","url":"https:\/\/sinticomp.org.br\/portal\/wp-content\/uploads\/2022\/02\/09022022Faber-Castell009.jpg","contentUrl":"https:\/\/sinticomp.org.br\/portal\/wp-content\/uploads\/2022\/02\/09022022Faber-Castell009.jpg","width":1024,"height":683},{"@type":"BreadcrumbList","@id":"https:\/\/sinticomp.org.br\/portal\/locais-de-trabalho-seguros-e-saudaveis\/#breadcrumb","itemListElement":[{"@type":"ListItem","position":1,"name":"In\u00edcio","item":"https:\/\/sinticomp.org.br\/portal\/"},{"@type":"ListItem","position":2,"name":"LOCAIS DE TRABALHO SEGUROS E SAUD\u00c1VEIS"}]},{"@type":"WebSite","@id":"https:\/\/sinticomp.org.br\/portal\/#website","url":"https:\/\/sinticomp.org.br\/portal\/","name":"Sindicato dos Trabalhadores nas Ind\u00fastrias da Constru\u00e7\u00e3o e do Mobili\u00e1rio do Prata","description":"Sindicato dos Trabalhadores nas Ind\u00fastrias da Constru\u00e7\u00e3o e do Mobili\u00e1rio do Prata","publisher":{"@id":"https:\/\/sinticomp.org.br\/portal\/#organization"},"alternateName":"Sinticomp - Prata","potentialAction":[{"@type":"SearchAction","target":{"@type":"EntryPoint","urlTemplate":"https:\/\/sinticomp.org.br\/portal\/?s={search_term_string}"},"query-input":{"@type":"PropertyValueSpecification","valueRequired":true,"valueName":"search_term_string"}}],"inLanguage":"pt-BR"},{"@type":"Organization","@id":"https:\/\/sinticomp.org.br\/portal\/#organization","name":"Sindicato dos Trabalhadores nas Ind\u00fastrias da Constru\u00e7\u00e3o e do Mobili\u00e1rio do Prata","alternateName":"Sinticomp Prata","url":"https:\/\/sinticomp.org.br\/portal\/","logo":{"@type":"ImageObject","inLanguage":"pt-BR","@id":"https:\/\/sinticomp.org.br\/portal\/#\/schema\/logo\/image\/","url":"https:\/\/sinticomp.org.br\/portal\/wp-content\/uploads\/2024\/08\/Logo-Sinticomp-Prata-miniatura.jpg","contentUrl":"https:\/\/sinticomp.org.br\/portal\/wp-content\/uploads\/2024\/08\/Logo-Sinticomp-Prata-miniatura.jpg","width":300,"height":314,"caption":"Sindicato dos Trabalhadores nas Ind\u00fastrias da Constru\u00e7\u00e3o e do Mobili\u00e1rio do Prata"},"image":{"@id":"https:\/\/sinticomp.org.br\/portal\/#\/schema\/logo\/image\/"},"sameAs":["https:\/\/www.facebook.com\/Sinticomp","https:\/\/www.instagram.com\/sinticompprata\/"]},{"@type":"Person","@id":"https:\/\/sinticomp.org.br\/portal\/#\/schema\/person\/e77f69a648b27291635a67455423511b","name":"Jo\u00e3o Francisco F. Andrade","image":{"@type":"ImageObject","inLanguage":"pt-BR","@id":"https:\/\/sinticomp.org.br\/portal\/#\/schema\/person\/image\/","url":"https:\/\/secure.gravatar.com\/avatar\/ee93cc58f956b3c6cac9f6160170e360?s=96&d=mm&r=g","contentUrl":"https:\/\/secure.gravatar.com\/avatar\/ee93cc58f956b3c6cac9f6160170e360?s=96&d=mm&r=g","caption":"Jo\u00e3o Francisco F. Andrade"},"description":"Franciele Rodrigues do Nascimento - Arthur Andrade Nascimento","url":"https:\/\/sinticomp.org.br\/portal\/author\/sindicato\/"}]}},"_links":{"self":[{"href":"https:\/\/sinticomp.org.br\/portal\/wp-json\/wp\/v2\/posts\/7106","targetHints":{"allow":["GET"]}}],"collection":[{"href":"https:\/\/sinticomp.org.br\/portal\/wp-json\/wp\/v2\/posts"}],"about":[{"href":"https:\/\/sinticomp.org.br\/portal\/wp-json\/wp\/v2\/types\/post"}],"author":[{"embeddable":true,"href":"https:\/\/sinticomp.org.br\/portal\/wp-json\/wp\/v2\/users\/2"}],"replies":[{"embeddable":true,"href":"https:\/\/sinticomp.org.br\/portal\/wp-json\/wp\/v2\/comments?post=7106"}],"version-history":[{"count":4,"href":"https:\/\/sinticomp.org.br\/portal\/wp-json\/wp\/v2\/posts\/7106\/revisions"}],"predecessor-version":[{"id":7151,"href":"https:\/\/sinticomp.org.br\/portal\/wp-json\/wp\/v2\/posts\/7106\/revisions\/7151"}],"wp:featuredmedia":[{"embeddable":true,"href":"https:\/\/sinticomp.org.br\/portal\/wp-json\/wp\/v2\/media\/7107"}],"wp:attachment":[{"href":"https:\/\/sinticomp.org.br\/portal\/wp-json\/wp\/v2\/media?parent=7106"}],"wp:term":[{"taxonomy":"category","embeddable":true,"href":"https:\/\/sinticomp.org.br\/portal\/wp-json\/wp\/v2\/categories?post=7106"},{"taxonomy":"post_tag","embeddable":true,"href":"https:\/\/sinticomp.org.br\/portal\/wp-json\/wp\/v2\/tags?post=7106"}],"curies":[{"name":"wp","href":"https:\/\/api.w.org\/{rel}","templated":true}]}}