{"id":6964,"date":"2021-01-13T20:12:18","date_gmt":"2021-01-13T20:12:18","guid":{"rendered":"https:\/\/sinticomp.org.br\/portal\/?p=6964"},"modified":"2021-01-13T20:12:18","modified_gmt":"2021-01-13T20:12:18","slug":"inss-2021-confira-novos-valores-das-aliquotas-e-beneficios","status":"publish","type":"post","link":"https:\/\/sinticomp.org.br\/portal\/inss-2021-confira-novos-valores-das-aliquotas-e-beneficios\/","title":{"rendered":"INSS 2021: Confira novos valores das al\u00edquotas e benef\u00edcios"},"content":{"rendered":"<p><a href=\"https:\/\/sinticomp.org.br\/portal\/wp-content\/uploads\/2021\/01\/n_45671_6968f0ef6a576d90ceaf4503ce7666f0.jpg\"><img decoding=\"async\" class=\"aligncenter size-medium wp-image-6965\" src=\"https:\/\/sinticomp.org.br\/portal\/wp-content\/uploads\/2021\/01\/n_45671_6968f0ef6a576d90ceaf4503ce7666f0-300x155.jpg\" alt=\"\" width=\"300\" height=\"155\" srcset=\"https:\/\/sinticomp.org.br\/portal\/wp-content\/uploads\/2021\/01\/n_45671_6968f0ef6a576d90ceaf4503ce7666f0-300x155.jpg 300w, https:\/\/sinticomp.org.br\/portal\/wp-content\/uploads\/2021\/01\/n_45671_6968f0ef6a576d90ceaf4503ce7666f0-768x397.jpg 768w, https:\/\/sinticomp.org.br\/portal\/wp-content\/uploads\/2021\/01\/n_45671_6968f0ef6a576d90ceaf4503ce7666f0-350x181.jpg 350w, https:\/\/sinticomp.org.br\/portal\/wp-content\/uploads\/2021\/01\/n_45671_6968f0ef6a576d90ceaf4503ce7666f0.jpg 870w\" sizes=\"(max-width: 300px) 100vw, 300px\" \/><\/a><\/p>\n<p>&nbsp;<\/p>\n<p>O Minist\u00e9rio da Economia publicou no Di\u00e1rio Oficial da Uni\u00e3o desta quarta-feira, (13), a portaria SEPRT\/ME N\u00ba 477\/2021 que reajusta os benef\u00edcios pagos pelo\u00a0<a class=\"classtermo\" href=\"https:\/\/www.contabeis.com.br\/previdencia\/inss\/\">INSS,<\/a>\u00a0assim como a tabela dos sal\u00e1rios de contribui\u00e7\u00e3o para o ano de 2021.<\/p>\n<p>Os benef\u00edcios pagos pelo\u00a0<a class=\"classtermo\" href=\"https:\/\/www.contabeis.com.br\/previdencia\/inss\/\">INSS<\/a>\u00a0com valores acima do\u00a0<a class=\"classtermo\" href=\"https:\/\/www.contabeis.com.br\/previdencia\/salario_minimo\/\">sal\u00e1rio m\u00ednimo<\/a>\u00a0dever\u00e3o ser reajustados em 5,45% em 2021, acompanhando o INPC (\u00cdndice Nacional de Pre\u00e7os ao Consumidor) acumulado em 2020. Com o reajuste, o teto dos benef\u00edcios do\u00a0<a class=\"classtermo\" href=\"https:\/\/www.contabeis.com.br\/previdencia\/inss\/\">INSS<\/a>\u00a0sobre de R$ 6.101,06 para R$ 6.433,57.<\/p>\n<p>O \u00edndice, divulgado nesta ter\u00e7a-feira (12) pelo IBGE, mede a infla\u00e7\u00e3o para fam\u00edlias com renda entre um e cinco sal\u00e1rios m\u00ednimos e \u00e9 a refer\u00eancia para a atualiza\u00e7\u00e3o de benef\u00edcios previdenci\u00e1rios.<\/p>\n<p>Quem come\u00e7ou a receber um benef\u00edcio a partir de fevereiro de 2020 ter\u00e1 o reajuste proporcional \u00e0 infla\u00e7\u00e3o acumulada durante a quantidade de meses em que recebeu a renda do\u00a0<a class=\"classtermo\" href=\"https:\/\/www.contabeis.com.br\/previdencia\/inss\/\">INSS<\/a>\u00a0no ano passado.<\/p>\n<p>Para os benefici\u00e1rios que recebem renda igual ao\u00a0<a class=\"classtermo\" href=\"https:\/\/www.contabeis.com.br\/previdencia\/salario_minimo\/\">sal\u00e1rio m\u00ednimo,<\/a>\u00a0o presidente Jair Bolsonaro j\u00e1 habia determinado um reajuste de 5,26%, elevando o piso de R$ 1.045 para R$ 1.100.<\/p>\n<p>Assim como no ano passado, o reajuste aplicado ao piso ficou abaixo da infla\u00e7\u00e3o registrada pelo INPC. Na ocasi\u00e3o, o governo precisou realizar um novo ajuste para adequar o\u00a0<a class=\"classtermo\" href=\"https:\/\/www.contabeis.com.br\/previdencia\/salario_minimo\/\">sal\u00e1rio m\u00ednimo<\/a>\u00a0ao aumento do custo de vida.<\/p>\n<h3><strong>Novo valor INSS<\/strong><\/h3>\n<p>Os benef\u00edcios pagos neste in\u00edcio de 2021 s\u00e3o da compet\u00eancia de dezembro de 2020 e, por isso, ainda n\u00e3o est\u00e3o reajustados. Quem recebe o piso somente receber\u00e1 o valor corrigido a partir de 25 de janeiro.<\/p>\n<p>Para segurados com renda superior ao piso, os pagamentos com o reajuste ter\u00e3o in\u00edcio em 01 de fevereiro.<\/p>\n<h3><strong>Reajuste INSS<\/strong><\/h3>\n<p>As simula\u00e7\u00f5es abaixo mostram o reajuste de 5,45% para benefici\u00e1rios do\u00a0<a class=\"classtermo\" href=\"https:\/\/www.contabeis.com.br\/previdencia\/inss\/\">INSS<\/a>\u00a0com diversas faixas de renda (valores em R$):<\/p>\n<table>\n<tbody>\n<tr>\n<td><strong>Benef\u00edcio 2020<\/strong><\/td>\n<td><strong>Benef\u00edcio 2021<\/strong><\/td>\n<\/tr>\n<tr>\n<td>R$ 1.200<\/td>\n<td>R$ 1.265,40<\/td>\n<\/tr>\n<tr>\n<td>R$ 1.500<\/td>\n<td>R$ 1.581,75<\/td>\n<\/tr>\n<tr>\n<td>R$ 1.800<\/td>\n<td>R$ 1.898,10<\/td>\n<\/tr>\n<tr>\n<td>R$ 2.100<\/td>\n<td>R$ 2.214,45<\/td>\n<\/tr>\n<tr>\n<td>R$ 2.400<\/td>\n<td>R$ 2.530,80<\/td>\n<\/tr>\n<tr>\n<td>R$ 2.700<\/td>\n<td>R$ 2.847,15<\/td>\n<\/tr>\n<tr>\n<td>R$ 3.000<\/td>\n<td>R$ 3.165,50<\/td>\n<\/tr>\n<tr>\n<td>R$ 3.300<\/td>\n<td>R$ 3.479,85<\/td>\n<\/tr>\n<tr>\n<td>R$ 3.600<\/td>\n<td>R$ 3.796,20<\/td>\n<\/tr>\n<tr>\n<td>R$ 3.900<\/td>\n<td>R$ 4.112,55<\/td>\n<\/tr>\n<tr>\n<td>R$ 4.200<\/td>\n<td>R$ 4.428,90<\/td>\n<\/tr>\n<tr>\n<td>R$ 4.500<\/td>\n<td>R$ 4.745,25<\/td>\n<\/tr>\n<tr>\n<td>R$ 4.800<\/td>\n<td>R$ 5.061,60<\/td>\n<\/tr>\n<tr>\n<td>R$ 5.100<\/td>\n<td>R$ 5.377,95<\/td>\n<\/tr>\n<tr>\n<td>R$ 5.400<\/td>\n<td>R$ 5.694,30<\/td>\n<\/tr>\n<tr>\n<td>R$ 5.700<\/td>\n<td>R$ 6.010,65<\/td>\n<\/tr>\n<tr>\n<td>R$ 6.000<\/td>\n<td>R$ 6.327,00<\/td>\n<\/tr>\n<tr>\n<td>R$ 6.101,06<\/td>\n<td>R$ 6.433,57<\/td>\n<\/tr>\n<\/tbody>\n<\/table>\n<h3 class=\"fontecontabeis\"><strong>Al\u00edquotas do INSS<\/strong><\/h3>\n<p class=\"fontecontabeis\">O reajuste tamb\u00e9m se reflete na cobran\u00e7a da contribui\u00e7\u00e3o dos trabalhadores para o\u00a0<a class=\"classtermo\" href=\"https:\/\/www.contabeis.com.br\/previdencia\/inss\/\">INSS.<\/a>\u00a0Para empregados com carteira assinada, dom\u00e9sticos e trabalhadores avulsos, a tabela de recolhimento passa a ser:<\/p>\n<div dir=\"ltr\" align=\"left\">\n<table>\n<colgroup>\n<col \/>\n<col \/><\/colgroup>\n<tbody>\n<tr>\n<td>\n<p dir=\"ltr\"><strong>Sal\u00e1rio<\/strong><\/p>\n<\/td>\n<td>\n<p dir=\"ltr\"><strong>Al\u00edquota<\/strong><\/p>\n<\/td>\n<\/tr>\n<tr>\n<td>\n<p dir=\"ltr\">At\u00e9 um\u00a0<a class=\"classtermo\" href=\"https:\/\/www.contabeis.com.br\/previdencia\/salario_minimo\/\">sal\u00e1rio m\u00ednimo<\/a>\u00a0(R$ 1.100)<\/p>\n<\/td>\n<td>\n<p dir=\"ltr\">7,5%<\/p>\n<\/td>\n<\/tr>\n<tr>\n<td>\n<p dir=\"ltr\">A partir de R$ 1.100,01 at\u00e9 R$ 2.203,45<\/p>\n<\/td>\n<td>\n<p dir=\"ltr\">9%<\/p>\n<\/td>\n<\/tr>\n<tr>\n<td>\n<p dir=\"ltr\">A partir de R$ 2.203,49 at\u00e9 R$ 3.305,22<\/p>\n<\/td>\n<td>\n<p dir=\"ltr\">12%<\/p>\n<\/td>\n<\/tr>\n<tr>\n<td>\n<p dir=\"ltr\">A partir de R$ 3.305,23 at\u00e9 R$ 6.433,57<\/p>\n<\/td>\n<td>\n<p dir=\"ltr\">14%<\/p>\n<\/td>\n<\/tr>\n<\/tbody>\n<\/table>\n<\/div>\n<p>Vale lembrar que com a\u00a0<a class=\"classtermo\" href=\"https:\/\/www.contabeis.com.br\/previdencia\/reforma_da_previdencia\/\">reforma da previd\u00eancia,<\/a>\u00a0essas taxas passaram a ser progressivas, ou seja, cobradas apenas sobre a parcela do sal\u00e1rio que se enquadrar em cada faixa, o que faz com que o percentual de fato descontado do total dos ganhos (a al\u00edquota efetiva) seja menor.<\/p>\n<p>Por exemplo: um trabalhador que ganha R$ 1.500 mil pagar\u00e1 7,5% sobre R$ 1.100 (R$ 82,50), mais 9% sobre os R$ 400 que excedem esse valor (R$ 36), totalizando R$ 118,50 de contribui\u00e7\u00e3o.<\/p>\n<p><strong>Tabela progressiva<\/strong><\/p>\n<p>Confira os valores da tabela progressiva com parcela a deduzir:<\/p>\n<div dir=\"ltr\" align=\"left\">\n<table>\n<colgroup>\n<col \/>\n<col \/>\n<col \/><\/colgroup>\n<tbody>\n<tr>\n<td>\n<p dir=\"ltr\"><strong>Sal\u00e1rio de contribui\u00e7\u00e3o<\/strong><\/p>\n<\/td>\n<td>\n<p dir=\"ltr\"><strong>Al\u00edquotas<\/strong><\/p>\n<\/td>\n<td>\n<p dir=\"ltr\"><strong>Parcelas a deduzir<\/strong><\/p>\n<\/td>\n<\/tr>\n<tr>\n<td>\n<p dir=\"ltr\">At\u00e9 R$ 1.100,00<\/p>\n<\/td>\n<td>\n<p dir=\"ltr\">7,50<\/p>\n<\/td>\n<td>\n<p dir=\"ltr\">&#8211;<\/p>\n<\/td>\n<\/tr>\n<tr>\n<td>\n<p dir=\"ltr\">De R$ 1.100,01 at\u00e9 R$ 2.203,48<\/p>\n<\/td>\n<td>\n<p dir=\"ltr\">9,00<\/p>\n<\/td>\n<td>\n<p dir=\"ltr\">16,50<\/p>\n<\/td>\n<\/tr>\n<tr>\n<td>\n<p dir=\"ltr\">De R$ 2.203,49 at\u00e9 R$ 3.305,22<\/p>\n<\/td>\n<td>\n<p dir=\"ltr\">12,00<\/p>\n<\/td>\n<td>\n<p dir=\"ltr\">82,60<\/p>\n<\/td>\n<\/tr>\n<tr>\n<td>\n<p dir=\"ltr\">De R$ 3.305,23 at\u00e9 R$ 6.433,57<\/p>\n<\/td>\n<td>\n<p dir=\"ltr\">14,00<\/p>\n<\/td>\n<td>\n<p dir=\"ltr\">148,71<\/p>\n<\/td>\n<\/tr>\n<tr>\n<td colspan=\"3\">\n<p dir=\"ltr\">O valor m\u00e1ximo do\u00a0<a class=\"classtermo\" href=\"https:\/\/www.contabeis.com.br\/previdencia\/inss\/\">INSS<\/a>\u00a0do segurado empregado \u00e9 R$ 6.433,57<\/p>\n<\/td>\n<\/tr>\n<\/tbody>\n<\/table>\n<\/div>\n","protected":false},"excerpt":{"rendered":"<p>&nbsp; O Minist\u00e9rio da Economia publicou no Di\u00e1rio Oficial da Uni\u00e3o desta quarta-feira, (13), a portaria SEPRT\/ME N\u00ba 477\/2021 que reajusta os benef\u00edcios pagos pelo\u00a0INSS,\u00a0assim como a tabela dos sal\u00e1rios de contribui\u00e7\u00e3o para o ano de 2021. Os benef\u00edcios pagos pelo\u00a0INSS\u00a0com valores acima do\u00a0sal\u00e1rio m\u00ednimo\u00a0dever\u00e3o ser reajustados em 5,45% em 2021, acompanhando o INPC (\u00cdndice &#8230; <a title=\"INSS 2021: Confira novos valores das al\u00edquotas e benef\u00edcios\" class=\"read-more\" href=\"https:\/\/sinticomp.org.br\/portal\/inss-2021-confira-novos-valores-das-aliquotas-e-beneficios\/\" aria-label=\"Read more about INSS 2021: Confira novos valores das al\u00edquotas e benef\u00edcios\">Ler mais<\/a><\/p>\n","protected":false},"author":2,"featured_media":6965,"comment_status":"open","ping_status":"open","sticky":false,"template":"","format":"standard","meta":{"footnotes":"","_links_to":"","_links_to_target":""},"categories":[355],"tags":[],"class_list":["post-6964","post","type-post","status-publish","format-standard","has-post-thumbnail","hentry","category-noticia"],"yoast_head":"<!-- This site is optimized with the Yoast SEO plugin v24.7 - https:\/\/yoast.com\/wordpress\/plugins\/seo\/ -->\n<title>INSS 2021: Confira novos valores das al\u00edquotas e benef\u00edcios - Sinticomp - Prata<\/title>\n<meta name=\"robots\" content=\"index, follow, max-snippet:-1, max-image-preview:large, max-video-preview:-1\" \/>\n<link rel=\"canonical\" href=\"https:\/\/sinticomp.org.br\/portal\/inss-2021-confira-novos-valores-das-aliquotas-e-beneficios\/\" \/>\n<meta property=\"og:locale\" content=\"pt_BR\" \/>\n<meta property=\"og:type\" content=\"article\" \/>\n<meta property=\"og:title\" content=\"INSS 2021: Confira novos valores das al\u00edquotas e benef\u00edcios - Sinticomp - Prata\" \/>\n<meta property=\"og:description\" content=\"&nbsp; O Minist\u00e9rio da Economia publicou no Di\u00e1rio Oficial da Uni\u00e3o desta quarta-feira, (13), a portaria SEPRT\/ME N\u00ba 477\/2021 que reajusta os benef\u00edcios pagos pelo\u00a0INSS,\u00a0assim como a tabela dos sal\u00e1rios de contribui\u00e7\u00e3o para o ano de 2021. Os benef\u00edcios pagos pelo\u00a0INSS\u00a0com valores acima do\u00a0sal\u00e1rio m\u00ednimo\u00a0dever\u00e3o ser reajustados em 5,45% em 2021, acompanhando o INPC (\u00cdndice ... Ler mais\" \/>\n<meta property=\"og:url\" content=\"https:\/\/sinticomp.org.br\/portal\/inss-2021-confira-novos-valores-das-aliquotas-e-beneficios\/\" \/>\n<meta property=\"og:site_name\" content=\"Sinticomp - Prata\" \/>\n<meta property=\"article:publisher\" content=\"https:\/\/www.facebook.com\/Sinticomp\" \/>\n<meta property=\"article:published_time\" content=\"2021-01-13T20:12:18+00:00\" \/>\n<meta property=\"og:image\" content=\"https:\/\/sinticomp.org.br\/portal\/wp-content\/uploads\/2021\/01\/n_45671_6968f0ef6a576d90ceaf4503ce7666f0.jpg\" \/>\n\t<meta property=\"og:image:width\" content=\"870\" \/>\n\t<meta property=\"og:image:height\" content=\"450\" \/>\n\t<meta property=\"og:image:type\" content=\"image\/jpeg\" \/>\n<meta name=\"author\" content=\"Jo\u00e3o Francisco F. Andrade\" \/>\n<meta name=\"twitter:card\" content=\"summary_large_image\" \/>\n<meta name=\"twitter:label1\" content=\"Escrito por\" \/>\n\t<meta name=\"twitter:data1\" content=\"Jo\u00e3o Francisco F. Andrade\" \/>\n\t<meta name=\"twitter:label2\" content=\"Est. tempo de leitura\" \/>\n\t<meta name=\"twitter:data2\" content=\"3 minutos\" \/>\n<script type=\"application\/ld+json\" class=\"yoast-schema-graph\">{\"@context\":\"https:\/\/schema.org\",\"@graph\":[{\"@type\":\"Article\",\"@id\":\"https:\/\/sinticomp.org.br\/portal\/inss-2021-confira-novos-valores-das-aliquotas-e-beneficios\/#article\",\"isPartOf\":{\"@id\":\"https:\/\/sinticomp.org.br\/portal\/inss-2021-confira-novos-valores-das-aliquotas-e-beneficios\/\"},\"author\":{\"name\":\"Jo\u00e3o Francisco F. Andrade\",\"@id\":\"https:\/\/sinticomp.org.br\/portal\/#\/schema\/person\/e77f69a648b27291635a67455423511b\"},\"headline\":\"INSS 2021: Confira novos valores das al\u00edquotas e benef\u00edcios\",\"datePublished\":\"2021-01-13T20:12:18+00:00\",\"mainEntityOfPage\":{\"@id\":\"https:\/\/sinticomp.org.br\/portal\/inss-2021-confira-novos-valores-das-aliquotas-e-beneficios\/\"},\"wordCount\":559,\"commentCount\":0,\"publisher\":{\"@id\":\"https:\/\/sinticomp.org.br\/portal\/#organization\"},\"image\":{\"@id\":\"https:\/\/sinticomp.org.br\/portal\/inss-2021-confira-novos-valores-das-aliquotas-e-beneficios\/#primaryimage\"},\"thumbnailUrl\":\"https:\/\/sinticomp.org.br\/portal\/wp-content\/uploads\/2021\/01\/n_45671_6968f0ef6a576d90ceaf4503ce7666f0.jpg\",\"articleSection\":[\"Not\u00edcia\"],\"inLanguage\":\"pt-BR\",\"potentialAction\":[{\"@type\":\"CommentAction\",\"name\":\"Comment\",\"target\":[\"https:\/\/sinticomp.org.br\/portal\/inss-2021-confira-novos-valores-das-aliquotas-e-beneficios\/#respond\"]}]},{\"@type\":\"WebPage\",\"@id\":\"https:\/\/sinticomp.org.br\/portal\/inss-2021-confira-novos-valores-das-aliquotas-e-beneficios\/\",\"url\":\"https:\/\/sinticomp.org.br\/portal\/inss-2021-confira-novos-valores-das-aliquotas-e-beneficios\/\",\"name\":\"INSS 2021: Confira novos valores das al\u00edquotas e benef\u00edcios - Sinticomp - Prata\",\"isPartOf\":{\"@id\":\"https:\/\/sinticomp.org.br\/portal\/#website\"},\"primaryImageOfPage\":{\"@id\":\"https:\/\/sinticomp.org.br\/portal\/inss-2021-confira-novos-valores-das-aliquotas-e-beneficios\/#primaryimage\"},\"image\":{\"@id\":\"https:\/\/sinticomp.org.br\/portal\/inss-2021-confira-novos-valores-das-aliquotas-e-beneficios\/#primaryimage\"},\"thumbnailUrl\":\"https:\/\/sinticomp.org.br\/portal\/wp-content\/uploads\/2021\/01\/n_45671_6968f0ef6a576d90ceaf4503ce7666f0.jpg\",\"datePublished\":\"2021-01-13T20:12:18+00:00\",\"breadcrumb\":{\"@id\":\"https:\/\/sinticomp.org.br\/portal\/inss-2021-confira-novos-valores-das-aliquotas-e-beneficios\/#breadcrumb\"},\"inLanguage\":\"pt-BR\",\"potentialAction\":[{\"@type\":\"ReadAction\",\"target\":[\"https:\/\/sinticomp.org.br\/portal\/inss-2021-confira-novos-valores-das-aliquotas-e-beneficios\/\"]}]},{\"@type\":\"ImageObject\",\"inLanguage\":\"pt-BR\",\"@id\":\"https:\/\/sinticomp.org.br\/portal\/inss-2021-confira-novos-valores-das-aliquotas-e-beneficios\/#primaryimage\",\"url\":\"https:\/\/sinticomp.org.br\/portal\/wp-content\/uploads\/2021\/01\/n_45671_6968f0ef6a576d90ceaf4503ce7666f0.jpg\",\"contentUrl\":\"https:\/\/sinticomp.org.br\/portal\/wp-content\/uploads\/2021\/01\/n_45671_6968f0ef6a576d90ceaf4503ce7666f0.jpg\",\"width\":870,\"height\":450},{\"@type\":\"BreadcrumbList\",\"@id\":\"https:\/\/sinticomp.org.br\/portal\/inss-2021-confira-novos-valores-das-aliquotas-e-beneficios\/#breadcrumb\",\"itemListElement\":[{\"@type\":\"ListItem\",\"position\":1,\"name\":\"In\u00edcio\",\"item\":\"https:\/\/sinticomp.org.br\/portal\/\"},{\"@type\":\"ListItem\",\"position\":2,\"name\":\"INSS 2021: Confira novos valores das al\u00edquotas e benef\u00edcios\"}]},{\"@type\":\"WebSite\",\"@id\":\"https:\/\/sinticomp.org.br\/portal\/#website\",\"url\":\"https:\/\/sinticomp.org.br\/portal\/\",\"name\":\"Sindicato dos Trabalhadores nas Ind\u00fastrias da Constru\u00e7\u00e3o e do Mobili\u00e1rio do Prata\",\"description\":\"Sindicato dos Trabalhadores nas Ind\u00fastrias da Constru\u00e7\u00e3o e do Mobili\u00e1rio do Prata\",\"publisher\":{\"@id\":\"https:\/\/sinticomp.org.br\/portal\/#organization\"},\"alternateName\":\"Sinticomp - Prata\",\"potentialAction\":[{\"@type\":\"SearchAction\",\"target\":{\"@type\":\"EntryPoint\",\"urlTemplate\":\"https:\/\/sinticomp.org.br\/portal\/?s={search_term_string}\"},\"query-input\":{\"@type\":\"PropertyValueSpecification\",\"valueRequired\":true,\"valueName\":\"search_term_string\"}}],\"inLanguage\":\"pt-BR\"},{\"@type\":\"Organization\",\"@id\":\"https:\/\/sinticomp.org.br\/portal\/#organization\",\"name\":\"Sindicato dos Trabalhadores nas Ind\u00fastrias da Constru\u00e7\u00e3o e do Mobili\u00e1rio do Prata\",\"alternateName\":\"Sinticomp Prata\",\"url\":\"https:\/\/sinticomp.org.br\/portal\/\",\"logo\":{\"@type\":\"ImageObject\",\"inLanguage\":\"pt-BR\",\"@id\":\"https:\/\/sinticomp.org.br\/portal\/#\/schema\/logo\/image\/\",\"url\":\"https:\/\/sinticomp.org.br\/portal\/wp-content\/uploads\/2024\/08\/Logo-Sinticomp-Prata-miniatura.jpg\",\"contentUrl\":\"https:\/\/sinticomp.org.br\/portal\/wp-content\/uploads\/2024\/08\/Logo-Sinticomp-Prata-miniatura.jpg\",\"width\":300,\"height\":314,\"caption\":\"Sindicato dos Trabalhadores nas Ind\u00fastrias da Constru\u00e7\u00e3o e do Mobili\u00e1rio do Prata\"},\"image\":{\"@id\":\"https:\/\/sinticomp.org.br\/portal\/#\/schema\/logo\/image\/\"},\"sameAs\":[\"https:\/\/www.facebook.com\/Sinticomp\",\"https:\/\/www.instagram.com\/sinticompprata\/\"]},{\"@type\":\"Person\",\"@id\":\"https:\/\/sinticomp.org.br\/portal\/#\/schema\/person\/e77f69a648b27291635a67455423511b\",\"name\":\"Jo\u00e3o Francisco F. Andrade\",\"image\":{\"@type\":\"ImageObject\",\"inLanguage\":\"pt-BR\",\"@id\":\"https:\/\/sinticomp.org.br\/portal\/#\/schema\/person\/image\/\",\"url\":\"https:\/\/secure.gravatar.com\/avatar\/ee93cc58f956b3c6cac9f6160170e360?s=96&d=mm&r=g\",\"contentUrl\":\"https:\/\/secure.gravatar.com\/avatar\/ee93cc58f956b3c6cac9f6160170e360?s=96&d=mm&r=g\",\"caption\":\"Jo\u00e3o Francisco F. Andrade\"},\"description\":\"Franciele Rodrigues do Nascimento - Arthur Andrade Nascimento\",\"url\":\"https:\/\/sinticomp.org.br\/portal\/author\/sindicato\/\"}]}<\/script>\n<!-- \/ Yoast SEO plugin. -->","yoast_head_json":{"title":"INSS 2021: Confira novos valores das al\u00edquotas e benef\u00edcios - Sinticomp - Prata","robots":{"index":"index","follow":"follow","max-snippet":"max-snippet:-1","max-image-preview":"max-image-preview:large","max-video-preview":"max-video-preview:-1"},"canonical":"https:\/\/sinticomp.org.br\/portal\/inss-2021-confira-novos-valores-das-aliquotas-e-beneficios\/","og_locale":"pt_BR","og_type":"article","og_title":"INSS 2021: Confira novos valores das al\u00edquotas e benef\u00edcios - Sinticomp - Prata","og_description":"&nbsp; O Minist\u00e9rio da Economia publicou no Di\u00e1rio Oficial da Uni\u00e3o desta quarta-feira, (13), a portaria SEPRT\/ME N\u00ba 477\/2021 que reajusta os benef\u00edcios pagos pelo\u00a0INSS,\u00a0assim como a tabela dos sal\u00e1rios de contribui\u00e7\u00e3o para o ano de 2021. Os benef\u00edcios pagos pelo\u00a0INSS\u00a0com valores acima do\u00a0sal\u00e1rio m\u00ednimo\u00a0dever\u00e3o ser reajustados em 5,45% em 2021, acompanhando o INPC (\u00cdndice ... Ler mais","og_url":"https:\/\/sinticomp.org.br\/portal\/inss-2021-confira-novos-valores-das-aliquotas-e-beneficios\/","og_site_name":"Sinticomp - Prata","article_publisher":"https:\/\/www.facebook.com\/Sinticomp","article_published_time":"2021-01-13T20:12:18+00:00","og_image":[{"width":870,"height":450,"url":"https:\/\/sinticomp.org.br\/portal\/wp-content\/uploads\/2021\/01\/n_45671_6968f0ef6a576d90ceaf4503ce7666f0.jpg","type":"image\/jpeg"}],"author":"Jo\u00e3o Francisco F. Andrade","twitter_card":"summary_large_image","twitter_misc":{"Escrito por":"Jo\u00e3o Francisco F. Andrade","Est. tempo de leitura":"3 minutos"},"schema":{"@context":"https:\/\/schema.org","@graph":[{"@type":"Article","@id":"https:\/\/sinticomp.org.br\/portal\/inss-2021-confira-novos-valores-das-aliquotas-e-beneficios\/#article","isPartOf":{"@id":"https:\/\/sinticomp.org.br\/portal\/inss-2021-confira-novos-valores-das-aliquotas-e-beneficios\/"},"author":{"name":"Jo\u00e3o Francisco F. Andrade","@id":"https:\/\/sinticomp.org.br\/portal\/#\/schema\/person\/e77f69a648b27291635a67455423511b"},"headline":"INSS 2021: Confira novos valores das al\u00edquotas e benef\u00edcios","datePublished":"2021-01-13T20:12:18+00:00","mainEntityOfPage":{"@id":"https:\/\/sinticomp.org.br\/portal\/inss-2021-confira-novos-valores-das-aliquotas-e-beneficios\/"},"wordCount":559,"commentCount":0,"publisher":{"@id":"https:\/\/sinticomp.org.br\/portal\/#organization"},"image":{"@id":"https:\/\/sinticomp.org.br\/portal\/inss-2021-confira-novos-valores-das-aliquotas-e-beneficios\/#primaryimage"},"thumbnailUrl":"https:\/\/sinticomp.org.br\/portal\/wp-content\/uploads\/2021\/01\/n_45671_6968f0ef6a576d90ceaf4503ce7666f0.jpg","articleSection":["Not\u00edcia"],"inLanguage":"pt-BR","potentialAction":[{"@type":"CommentAction","name":"Comment","target":["https:\/\/sinticomp.org.br\/portal\/inss-2021-confira-novos-valores-das-aliquotas-e-beneficios\/#respond"]}]},{"@type":"WebPage","@id":"https:\/\/sinticomp.org.br\/portal\/inss-2021-confira-novos-valores-das-aliquotas-e-beneficios\/","url":"https:\/\/sinticomp.org.br\/portal\/inss-2021-confira-novos-valores-das-aliquotas-e-beneficios\/","name":"INSS 2021: Confira novos valores das al\u00edquotas e benef\u00edcios - Sinticomp - Prata","isPartOf":{"@id":"https:\/\/sinticomp.org.br\/portal\/#website"},"primaryImageOfPage":{"@id":"https:\/\/sinticomp.org.br\/portal\/inss-2021-confira-novos-valores-das-aliquotas-e-beneficios\/#primaryimage"},"image":{"@id":"https:\/\/sinticomp.org.br\/portal\/inss-2021-confira-novos-valores-das-aliquotas-e-beneficios\/#primaryimage"},"thumbnailUrl":"https:\/\/sinticomp.org.br\/portal\/wp-content\/uploads\/2021\/01\/n_45671_6968f0ef6a576d90ceaf4503ce7666f0.jpg","datePublished":"2021-01-13T20:12:18+00:00","breadcrumb":{"@id":"https:\/\/sinticomp.org.br\/portal\/inss-2021-confira-novos-valores-das-aliquotas-e-beneficios\/#breadcrumb"},"inLanguage":"pt-BR","potentialAction":[{"@type":"ReadAction","target":["https:\/\/sinticomp.org.br\/portal\/inss-2021-confira-novos-valores-das-aliquotas-e-beneficios\/"]}]},{"@type":"ImageObject","inLanguage":"pt-BR","@id":"https:\/\/sinticomp.org.br\/portal\/inss-2021-confira-novos-valores-das-aliquotas-e-beneficios\/#primaryimage","url":"https:\/\/sinticomp.org.br\/portal\/wp-content\/uploads\/2021\/01\/n_45671_6968f0ef6a576d90ceaf4503ce7666f0.jpg","contentUrl":"https:\/\/sinticomp.org.br\/portal\/wp-content\/uploads\/2021\/01\/n_45671_6968f0ef6a576d90ceaf4503ce7666f0.jpg","width":870,"height":450},{"@type":"BreadcrumbList","@id":"https:\/\/sinticomp.org.br\/portal\/inss-2021-confira-novos-valores-das-aliquotas-e-beneficios\/#breadcrumb","itemListElement":[{"@type":"ListItem","position":1,"name":"In\u00edcio","item":"https:\/\/sinticomp.org.br\/portal\/"},{"@type":"ListItem","position":2,"name":"INSS 2021: Confira novos valores das al\u00edquotas e benef\u00edcios"}]},{"@type":"WebSite","@id":"https:\/\/sinticomp.org.br\/portal\/#website","url":"https:\/\/sinticomp.org.br\/portal\/","name":"Sindicato dos Trabalhadores nas Ind\u00fastrias da Constru\u00e7\u00e3o e do Mobili\u00e1rio do Prata","description":"Sindicato dos Trabalhadores nas Ind\u00fastrias da Constru\u00e7\u00e3o e do Mobili\u00e1rio do Prata","publisher":{"@id":"https:\/\/sinticomp.org.br\/portal\/#organization"},"alternateName":"Sinticomp - Prata","potentialAction":[{"@type":"SearchAction","target":{"@type":"EntryPoint","urlTemplate":"https:\/\/sinticomp.org.br\/portal\/?s={search_term_string}"},"query-input":{"@type":"PropertyValueSpecification","valueRequired":true,"valueName":"search_term_string"}}],"inLanguage":"pt-BR"},{"@type":"Organization","@id":"https:\/\/sinticomp.org.br\/portal\/#organization","name":"Sindicato dos Trabalhadores nas Ind\u00fastrias da Constru\u00e7\u00e3o e do Mobili\u00e1rio do Prata","alternateName":"Sinticomp Prata","url":"https:\/\/sinticomp.org.br\/portal\/","logo":{"@type":"ImageObject","inLanguage":"pt-BR","@id":"https:\/\/sinticomp.org.br\/portal\/#\/schema\/logo\/image\/","url":"https:\/\/sinticomp.org.br\/portal\/wp-content\/uploads\/2024\/08\/Logo-Sinticomp-Prata-miniatura.jpg","contentUrl":"https:\/\/sinticomp.org.br\/portal\/wp-content\/uploads\/2024\/08\/Logo-Sinticomp-Prata-miniatura.jpg","width":300,"height":314,"caption":"Sindicato dos Trabalhadores nas Ind\u00fastrias da Constru\u00e7\u00e3o e do Mobili\u00e1rio do Prata"},"image":{"@id":"https:\/\/sinticomp.org.br\/portal\/#\/schema\/logo\/image\/"},"sameAs":["https:\/\/www.facebook.com\/Sinticomp","https:\/\/www.instagram.com\/sinticompprata\/"]},{"@type":"Person","@id":"https:\/\/sinticomp.org.br\/portal\/#\/schema\/person\/e77f69a648b27291635a67455423511b","name":"Jo\u00e3o Francisco F. Andrade","image":{"@type":"ImageObject","inLanguage":"pt-BR","@id":"https:\/\/sinticomp.org.br\/portal\/#\/schema\/person\/image\/","url":"https:\/\/secure.gravatar.com\/avatar\/ee93cc58f956b3c6cac9f6160170e360?s=96&d=mm&r=g","contentUrl":"https:\/\/secure.gravatar.com\/avatar\/ee93cc58f956b3c6cac9f6160170e360?s=96&d=mm&r=g","caption":"Jo\u00e3o Francisco F. Andrade"},"description":"Franciele Rodrigues do Nascimento - Arthur Andrade Nascimento","url":"https:\/\/sinticomp.org.br\/portal\/author\/sindicato\/"}]}},"_links":{"self":[{"href":"https:\/\/sinticomp.org.br\/portal\/wp-json\/wp\/v2\/posts\/6964","targetHints":{"allow":["GET"]}}],"collection":[{"href":"https:\/\/sinticomp.org.br\/portal\/wp-json\/wp\/v2\/posts"}],"about":[{"href":"https:\/\/sinticomp.org.br\/portal\/wp-json\/wp\/v2\/types\/post"}],"author":[{"embeddable":true,"href":"https:\/\/sinticomp.org.br\/portal\/wp-json\/wp\/v2\/users\/2"}],"replies":[{"embeddable":true,"href":"https:\/\/sinticomp.org.br\/portal\/wp-json\/wp\/v2\/comments?post=6964"}],"version-history":[{"count":1,"href":"https:\/\/sinticomp.org.br\/portal\/wp-json\/wp\/v2\/posts\/6964\/revisions"}],"predecessor-version":[{"id":6966,"href":"https:\/\/sinticomp.org.br\/portal\/wp-json\/wp\/v2\/posts\/6964\/revisions\/6966"}],"wp:featuredmedia":[{"embeddable":true,"href":"https:\/\/sinticomp.org.br\/portal\/wp-json\/wp\/v2\/media\/6965"}],"wp:attachment":[{"href":"https:\/\/sinticomp.org.br\/portal\/wp-json\/wp\/v2\/media?parent=6964"}],"wp:term":[{"taxonomy":"category","embeddable":true,"href":"https:\/\/sinticomp.org.br\/portal\/wp-json\/wp\/v2\/categories?post=6964"},{"taxonomy":"post_tag","embeddable":true,"href":"https:\/\/sinticomp.org.br\/portal\/wp-json\/wp\/v2\/tags?post=6964"}],"curies":[{"name":"wp","href":"https:\/\/api.w.org\/{rel}","templated":true}]}}