{"id":4327,"date":"2018-06-21T21:03:48","date_gmt":"2018-06-21T21:03:48","guid":{"rendered":"https:\/\/sinticomp.org.br\/portal\/?p=4327"},"modified":"2020-04-13T11:49:50","modified_gmt":"2020-04-13T11:49:50","slug":"mte-suspende-emissao-de-certidoes-sindicais","status":"publish","type":"post","link":"https:\/\/sinticomp.org.br\/portal\/mte-suspende-emissao-de-certidoes-sindicais\/","title":{"rendered":"MTE suspende emiss\u00e3o de Certid\u00f5es Sindicais"},"content":{"rendered":"<p>O minist\u00e9rio, atrav\u00e9s desta portaria, diz ainda que as certid\u00f5es dever\u00e3o ser reanalisadas por uma comiss\u00e3o mista composta por tr\u00eas servidores da Secretaria de Rela\u00e7\u00f5es do Trabalho.<\/p>\n<p>Uma portaria do Minist\u00e9rio do Trabalho, publicada no Di\u00e1rio Oficial da Uni\u00e3o nesta quarta-feira (20), pelo minist\u00e9rio do Trabalho e Emprego determinou a suspens\u00e3o provis\u00f3ria da emiss\u00e3o de certid\u00f5es sindicais.<\/p>\n<p>O minist\u00e9rio, atrav\u00e9s desta portaria, diz ainda que as certid\u00f5es dever\u00e3o ser reanalisadas por uma comiss\u00e3o mista composta por tr\u00eas servidores da Secretaria de Rela\u00e7\u00f5es do Trabalho.<\/p>\n<p>De acordo com o Minist\u00e9rio do Trabalho e Emprego, a Portaria tem prazo de 90 dias podendo ser prorrogado por mais 90 dias e ficam exclu\u00eddas desta Portaria as certid\u00f5es originadas de determina\u00e7\u00f5es judiciais.<\/p>\n<p>Confira os sindicatos relacionados na portaria\u00a0<a href=\"http:\/\/www.imprensanacional.gov.br\/materia\/-\/asset_publisher\/Kujrw0TZC2Mb\/content\/id\/26770865\/do1-2018-06-21-portaria-n-33-de-20-de-junho-de-2018-26770773\" target=\"_blank\" rel=\"noopener noreferrer\">Aqui<\/a><\/p>\n","protected":false},"excerpt":{"rendered":"<p>O minist\u00e9rio, atrav\u00e9s desta portaria, diz ainda que as certid\u00f5es dever\u00e3o ser reanalisadas por uma comiss\u00e3o mista composta por tr\u00eas servidores da Secretaria de Rela\u00e7\u00f5es do Trabalho. Uma portaria do Minist\u00e9rio do Trabalho, publicada no Di\u00e1rio Oficial da Uni\u00e3o nesta quarta-feira (20), pelo minist\u00e9rio do Trabalho e Emprego determinou a suspens\u00e3o provis\u00f3ria da emiss\u00e3o de &#8230; <a title=\"MTE suspende emiss\u00e3o de Certid\u00f5es Sindicais\" class=\"read-more\" href=\"https:\/\/sinticomp.org.br\/portal\/mte-suspende-emissao-de-certidoes-sindicais\/\" aria-label=\"Read more about MTE suspende emiss\u00e3o de Certid\u00f5es Sindicais\">Ler mais<\/a><\/p>\n","protected":false},"author":2,"featured_media":4328,"comment_status":"open","ping_status":"open","sticky":false,"template":"","format":"standard","meta":{"footnotes":"","_links_to":"","_links_to_target":""},"categories":[355,1],"tags":[],"class_list":["post-4327","post","type-post","status-publish","format-standard","has-post-thumbnail","hentry","category-noticia","category-uncategorized"],"yoast_head":"<!-- This site is optimized with the Yoast SEO plugin v24.7 - https:\/\/yoast.com\/wordpress\/plugins\/seo\/ -->\n<title>MTE suspende emiss\u00e3o de Certid\u00f5es Sindicais - Sinticomp - Prata<\/title>\n<meta name=\"robots\" content=\"index, follow, max-snippet:-1, max-image-preview:large, max-video-preview:-1\" \/>\n<link rel=\"canonical\" href=\"https:\/\/sinticomp.org.br\/portal\/mte-suspende-emissao-de-certidoes-sindicais\/\" \/>\n<meta property=\"og:locale\" content=\"pt_BR\" \/>\n<meta property=\"og:type\" content=\"article\" \/>\n<meta property=\"og:title\" content=\"MTE suspende emiss\u00e3o de Certid\u00f5es Sindicais - Sinticomp - Prata\" \/>\n<meta property=\"og:description\" content=\"O minist\u00e9rio, atrav\u00e9s desta portaria, diz ainda que as certid\u00f5es dever\u00e3o ser reanalisadas por uma comiss\u00e3o mista composta por tr\u00eas servidores da Secretaria de Rela\u00e7\u00f5es do Trabalho. Uma portaria do Minist\u00e9rio do Trabalho, publicada no Di\u00e1rio Oficial da Uni\u00e3o nesta quarta-feira (20), pelo minist\u00e9rio do Trabalho e Emprego determinou a suspens\u00e3o provis\u00f3ria da emiss\u00e3o de ... Ler mais\" \/>\n<meta property=\"og:url\" content=\"https:\/\/sinticomp.org.br\/portal\/mte-suspende-emissao-de-certidoes-sindicais\/\" \/>\n<meta property=\"og:site_name\" content=\"Sinticomp - Prata\" \/>\n<meta property=\"article:publisher\" content=\"https:\/\/www.facebook.com\/Sinticomp\" \/>\n<meta property=\"article:published_time\" content=\"2018-06-21T21:03:48+00:00\" \/>\n<meta property=\"article:modified_time\" content=\"2020-04-13T11:49:50+00:00\" \/>\n<meta property=\"og:image\" content=\"https:\/\/sinticomp.org.br\/portal\/wp-content\/uploads\/2018\/06\/MTE.jpg\" \/>\n\t<meta property=\"og:image:width\" content=\"699\" \/>\n\t<meta property=\"og:image:height\" content=\"420\" \/>\n\t<meta property=\"og:image:type\" content=\"image\/jpeg\" \/>\n<meta name=\"author\" content=\"Jo\u00e3o Francisco F. Andrade\" \/>\n<meta name=\"twitter:card\" content=\"summary_large_image\" \/>\n<meta name=\"twitter:label1\" content=\"Escrito por\" \/>\n\t<meta name=\"twitter:data1\" content=\"Jo\u00e3o Francisco F. Andrade\" \/>\n\t<meta name=\"twitter:label2\" content=\"Est. tempo de leitura\" \/>\n\t<meta name=\"twitter:data2\" content=\"1 minuto\" \/>\n<script type=\"application\/ld+json\" class=\"yoast-schema-graph\">{\"@context\":\"https:\/\/schema.org\",\"@graph\":[{\"@type\":\"Article\",\"@id\":\"https:\/\/sinticomp.org.br\/portal\/mte-suspende-emissao-de-certidoes-sindicais\/#article\",\"isPartOf\":{\"@id\":\"https:\/\/sinticomp.org.br\/portal\/mte-suspende-emissao-de-certidoes-sindicais\/\"},\"author\":{\"name\":\"Jo\u00e3o Francisco F. Andrade\",\"@id\":\"https:\/\/sinticomp.org.br\/portal\/#\/schema\/person\/e77f69a648b27291635a67455423511b\"},\"headline\":\"MTE suspende emiss\u00e3o de Certid\u00f5es Sindicais\",\"datePublished\":\"2018-06-21T21:03:48+00:00\",\"dateModified\":\"2020-04-13T11:49:50+00:00\",\"mainEntityOfPage\":{\"@id\":\"https:\/\/sinticomp.org.br\/portal\/mte-suspende-emissao-de-certidoes-sindicais\/\"},\"wordCount\":156,\"commentCount\":0,\"publisher\":{\"@id\":\"https:\/\/sinticomp.org.br\/portal\/#organization\"},\"image\":{\"@id\":\"https:\/\/sinticomp.org.br\/portal\/mte-suspende-emissao-de-certidoes-sindicais\/#primaryimage\"},\"thumbnailUrl\":\"https:\/\/sinticomp.org.br\/portal\/wp-content\/uploads\/2018\/06\/MTE.jpg\",\"articleSection\":[\"Not\u00edcia\",\"Uncategorized\"],\"inLanguage\":\"pt-BR\",\"potentialAction\":[{\"@type\":\"CommentAction\",\"name\":\"Comment\",\"target\":[\"https:\/\/sinticomp.org.br\/portal\/mte-suspende-emissao-de-certidoes-sindicais\/#respond\"]}]},{\"@type\":\"WebPage\",\"@id\":\"https:\/\/sinticomp.org.br\/portal\/mte-suspende-emissao-de-certidoes-sindicais\/\",\"url\":\"https:\/\/sinticomp.org.br\/portal\/mte-suspende-emissao-de-certidoes-sindicais\/\",\"name\":\"MTE suspende emiss\u00e3o de Certid\u00f5es Sindicais - Sinticomp - Prata\",\"isPartOf\":{\"@id\":\"https:\/\/sinticomp.org.br\/portal\/#website\"},\"primaryImageOfPage\":{\"@id\":\"https:\/\/sinticomp.org.br\/portal\/mte-suspende-emissao-de-certidoes-sindicais\/#primaryimage\"},\"image\":{\"@id\":\"https:\/\/sinticomp.org.br\/portal\/mte-suspende-emissao-de-certidoes-sindicais\/#primaryimage\"},\"thumbnailUrl\":\"https:\/\/sinticomp.org.br\/portal\/wp-content\/uploads\/2018\/06\/MTE.jpg\",\"datePublished\":\"2018-06-21T21:03:48+00:00\",\"dateModified\":\"2020-04-13T11:49:50+00:00\",\"breadcrumb\":{\"@id\":\"https:\/\/sinticomp.org.br\/portal\/mte-suspende-emissao-de-certidoes-sindicais\/#breadcrumb\"},\"inLanguage\":\"pt-BR\",\"potentialAction\":[{\"@type\":\"ReadAction\",\"target\":[\"https:\/\/sinticomp.org.br\/portal\/mte-suspende-emissao-de-certidoes-sindicais\/\"]}]},{\"@type\":\"ImageObject\",\"inLanguage\":\"pt-BR\",\"@id\":\"https:\/\/sinticomp.org.br\/portal\/mte-suspende-emissao-de-certidoes-sindicais\/#primaryimage\",\"url\":\"https:\/\/sinticomp.org.br\/portal\/wp-content\/uploads\/2018\/06\/MTE.jpg\",\"contentUrl\":\"https:\/\/sinticomp.org.br\/portal\/wp-content\/uploads\/2018\/06\/MTE.jpg\",\"width\":699,\"height\":420},{\"@type\":\"BreadcrumbList\",\"@id\":\"https:\/\/sinticomp.org.br\/portal\/mte-suspende-emissao-de-certidoes-sindicais\/#breadcrumb\",\"itemListElement\":[{\"@type\":\"ListItem\",\"position\":1,\"name\":\"In\u00edcio\",\"item\":\"https:\/\/sinticomp.org.br\/portal\/\"},{\"@type\":\"ListItem\",\"position\":2,\"name\":\"MTE suspende emiss\u00e3o de Certid\u00f5es Sindicais\"}]},{\"@type\":\"WebSite\",\"@id\":\"https:\/\/sinticomp.org.br\/portal\/#website\",\"url\":\"https:\/\/sinticomp.org.br\/portal\/\",\"name\":\"Sindicato dos Trabalhadores nas Ind\u00fastrias da Constru\u00e7\u00e3o e do Mobili\u00e1rio do Prata\",\"description\":\"Sindicato dos Trabalhadores nas Ind\u00fastrias da Constru\u00e7\u00e3o e do Mobili\u00e1rio do Prata\",\"publisher\":{\"@id\":\"https:\/\/sinticomp.org.br\/portal\/#organization\"},\"alternateName\":\"Sinticomp - Prata\",\"potentialAction\":[{\"@type\":\"SearchAction\",\"target\":{\"@type\":\"EntryPoint\",\"urlTemplate\":\"https:\/\/sinticomp.org.br\/portal\/?s={search_term_string}\"},\"query-input\":{\"@type\":\"PropertyValueSpecification\",\"valueRequired\":true,\"valueName\":\"search_term_string\"}}],\"inLanguage\":\"pt-BR\"},{\"@type\":\"Organization\",\"@id\":\"https:\/\/sinticomp.org.br\/portal\/#organization\",\"name\":\"Sindicato dos Trabalhadores nas Ind\u00fastrias da Constru\u00e7\u00e3o e do Mobili\u00e1rio do Prata\",\"alternateName\":\"Sinticomp Prata\",\"url\":\"https:\/\/sinticomp.org.br\/portal\/\",\"logo\":{\"@type\":\"ImageObject\",\"inLanguage\":\"pt-BR\",\"@id\":\"https:\/\/sinticomp.org.br\/portal\/#\/schema\/logo\/image\/\",\"url\":\"https:\/\/sinticomp.org.br\/portal\/wp-content\/uploads\/2024\/08\/Logo-Sinticomp-Prata-miniatura.jpg\",\"contentUrl\":\"https:\/\/sinticomp.org.br\/portal\/wp-content\/uploads\/2024\/08\/Logo-Sinticomp-Prata-miniatura.jpg\",\"width\":300,\"height\":314,\"caption\":\"Sindicato dos Trabalhadores nas Ind\u00fastrias da Constru\u00e7\u00e3o e do Mobili\u00e1rio do Prata\"},\"image\":{\"@id\":\"https:\/\/sinticomp.org.br\/portal\/#\/schema\/logo\/image\/\"},\"sameAs\":[\"https:\/\/www.facebook.com\/Sinticomp\",\"https:\/\/www.instagram.com\/sinticompprata\/\"]},{\"@type\":\"Person\",\"@id\":\"https:\/\/sinticomp.org.br\/portal\/#\/schema\/person\/e77f69a648b27291635a67455423511b\",\"name\":\"Jo\u00e3o Francisco F. Andrade\",\"image\":{\"@type\":\"ImageObject\",\"inLanguage\":\"pt-BR\",\"@id\":\"https:\/\/sinticomp.org.br\/portal\/#\/schema\/person\/image\/\",\"url\":\"https:\/\/secure.gravatar.com\/avatar\/ee93cc58f956b3c6cac9f6160170e360?s=96&d=mm&r=g\",\"contentUrl\":\"https:\/\/secure.gravatar.com\/avatar\/ee93cc58f956b3c6cac9f6160170e360?s=96&d=mm&r=g\",\"caption\":\"Jo\u00e3o Francisco F. Andrade\"},\"description\":\"Franciele Rodrigues do Nascimento - Arthur Andrade Nascimento\",\"url\":\"https:\/\/sinticomp.org.br\/portal\/author\/sindicato\/\"}]}<\/script>\n<!-- \/ Yoast SEO plugin. -->","yoast_head_json":{"title":"MTE suspende emiss\u00e3o de Certid\u00f5es Sindicais - Sinticomp - Prata","robots":{"index":"index","follow":"follow","max-snippet":"max-snippet:-1","max-image-preview":"max-image-preview:large","max-video-preview":"max-video-preview:-1"},"canonical":"https:\/\/sinticomp.org.br\/portal\/mte-suspende-emissao-de-certidoes-sindicais\/","og_locale":"pt_BR","og_type":"article","og_title":"MTE suspende emiss\u00e3o de Certid\u00f5es Sindicais - Sinticomp - Prata","og_description":"O minist\u00e9rio, atrav\u00e9s desta portaria, diz ainda que as certid\u00f5es dever\u00e3o ser reanalisadas por uma comiss\u00e3o mista composta por tr\u00eas servidores da Secretaria de Rela\u00e7\u00f5es do Trabalho. Uma portaria do Minist\u00e9rio do Trabalho, publicada no Di\u00e1rio Oficial da Uni\u00e3o nesta quarta-feira (20), pelo minist\u00e9rio do Trabalho e Emprego determinou a suspens\u00e3o provis\u00f3ria da emiss\u00e3o de ... Ler mais","og_url":"https:\/\/sinticomp.org.br\/portal\/mte-suspende-emissao-de-certidoes-sindicais\/","og_site_name":"Sinticomp - Prata","article_publisher":"https:\/\/www.facebook.com\/Sinticomp","article_published_time":"2018-06-21T21:03:48+00:00","article_modified_time":"2020-04-13T11:49:50+00:00","og_image":[{"width":699,"height":420,"url":"https:\/\/sinticomp.org.br\/portal\/wp-content\/uploads\/2018\/06\/MTE.jpg","type":"image\/jpeg"}],"author":"Jo\u00e3o Francisco F. Andrade","twitter_card":"summary_large_image","twitter_misc":{"Escrito por":"Jo\u00e3o Francisco F. Andrade","Est. tempo de leitura":"1 minuto"},"schema":{"@context":"https:\/\/schema.org","@graph":[{"@type":"Article","@id":"https:\/\/sinticomp.org.br\/portal\/mte-suspende-emissao-de-certidoes-sindicais\/#article","isPartOf":{"@id":"https:\/\/sinticomp.org.br\/portal\/mte-suspende-emissao-de-certidoes-sindicais\/"},"author":{"name":"Jo\u00e3o Francisco F. Andrade","@id":"https:\/\/sinticomp.org.br\/portal\/#\/schema\/person\/e77f69a648b27291635a67455423511b"},"headline":"MTE suspende emiss\u00e3o de Certid\u00f5es Sindicais","datePublished":"2018-06-21T21:03:48+00:00","dateModified":"2020-04-13T11:49:50+00:00","mainEntityOfPage":{"@id":"https:\/\/sinticomp.org.br\/portal\/mte-suspende-emissao-de-certidoes-sindicais\/"},"wordCount":156,"commentCount":0,"publisher":{"@id":"https:\/\/sinticomp.org.br\/portal\/#organization"},"image":{"@id":"https:\/\/sinticomp.org.br\/portal\/mte-suspende-emissao-de-certidoes-sindicais\/#primaryimage"},"thumbnailUrl":"https:\/\/sinticomp.org.br\/portal\/wp-content\/uploads\/2018\/06\/MTE.jpg","articleSection":["Not\u00edcia","Uncategorized"],"inLanguage":"pt-BR","potentialAction":[{"@type":"CommentAction","name":"Comment","target":["https:\/\/sinticomp.org.br\/portal\/mte-suspende-emissao-de-certidoes-sindicais\/#respond"]}]},{"@type":"WebPage","@id":"https:\/\/sinticomp.org.br\/portal\/mte-suspende-emissao-de-certidoes-sindicais\/","url":"https:\/\/sinticomp.org.br\/portal\/mte-suspende-emissao-de-certidoes-sindicais\/","name":"MTE suspende emiss\u00e3o de Certid\u00f5es Sindicais - Sinticomp - Prata","isPartOf":{"@id":"https:\/\/sinticomp.org.br\/portal\/#website"},"primaryImageOfPage":{"@id":"https:\/\/sinticomp.org.br\/portal\/mte-suspende-emissao-de-certidoes-sindicais\/#primaryimage"},"image":{"@id":"https:\/\/sinticomp.org.br\/portal\/mte-suspende-emissao-de-certidoes-sindicais\/#primaryimage"},"thumbnailUrl":"https:\/\/sinticomp.org.br\/portal\/wp-content\/uploads\/2018\/06\/MTE.jpg","datePublished":"2018-06-21T21:03:48+00:00","dateModified":"2020-04-13T11:49:50+00:00","breadcrumb":{"@id":"https:\/\/sinticomp.org.br\/portal\/mte-suspende-emissao-de-certidoes-sindicais\/#breadcrumb"},"inLanguage":"pt-BR","potentialAction":[{"@type":"ReadAction","target":["https:\/\/sinticomp.org.br\/portal\/mte-suspende-emissao-de-certidoes-sindicais\/"]}]},{"@type":"ImageObject","inLanguage":"pt-BR","@id":"https:\/\/sinticomp.org.br\/portal\/mte-suspende-emissao-de-certidoes-sindicais\/#primaryimage","url":"https:\/\/sinticomp.org.br\/portal\/wp-content\/uploads\/2018\/06\/MTE.jpg","contentUrl":"https:\/\/sinticomp.org.br\/portal\/wp-content\/uploads\/2018\/06\/MTE.jpg","width":699,"height":420},{"@type":"BreadcrumbList","@id":"https:\/\/sinticomp.org.br\/portal\/mte-suspende-emissao-de-certidoes-sindicais\/#breadcrumb","itemListElement":[{"@type":"ListItem","position":1,"name":"In\u00edcio","item":"https:\/\/sinticomp.org.br\/portal\/"},{"@type":"ListItem","position":2,"name":"MTE suspende emiss\u00e3o de Certid\u00f5es Sindicais"}]},{"@type":"WebSite","@id":"https:\/\/sinticomp.org.br\/portal\/#website","url":"https:\/\/sinticomp.org.br\/portal\/","name":"Sindicato dos Trabalhadores nas Ind\u00fastrias da Constru\u00e7\u00e3o e do Mobili\u00e1rio do Prata","description":"Sindicato dos Trabalhadores nas Ind\u00fastrias da Constru\u00e7\u00e3o e do Mobili\u00e1rio do Prata","publisher":{"@id":"https:\/\/sinticomp.org.br\/portal\/#organization"},"alternateName":"Sinticomp - Prata","potentialAction":[{"@type":"SearchAction","target":{"@type":"EntryPoint","urlTemplate":"https:\/\/sinticomp.org.br\/portal\/?s={search_term_string}"},"query-input":{"@type":"PropertyValueSpecification","valueRequired":true,"valueName":"search_term_string"}}],"inLanguage":"pt-BR"},{"@type":"Organization","@id":"https:\/\/sinticomp.org.br\/portal\/#organization","name":"Sindicato dos Trabalhadores nas Ind\u00fastrias da Constru\u00e7\u00e3o e do Mobili\u00e1rio do Prata","alternateName":"Sinticomp Prata","url":"https:\/\/sinticomp.org.br\/portal\/","logo":{"@type":"ImageObject","inLanguage":"pt-BR","@id":"https:\/\/sinticomp.org.br\/portal\/#\/schema\/logo\/image\/","url":"https:\/\/sinticomp.org.br\/portal\/wp-content\/uploads\/2024\/08\/Logo-Sinticomp-Prata-miniatura.jpg","contentUrl":"https:\/\/sinticomp.org.br\/portal\/wp-content\/uploads\/2024\/08\/Logo-Sinticomp-Prata-miniatura.jpg","width":300,"height":314,"caption":"Sindicato dos Trabalhadores nas Ind\u00fastrias da Constru\u00e7\u00e3o e do Mobili\u00e1rio do Prata"},"image":{"@id":"https:\/\/sinticomp.org.br\/portal\/#\/schema\/logo\/image\/"},"sameAs":["https:\/\/www.facebook.com\/Sinticomp","https:\/\/www.instagram.com\/sinticompprata\/"]},{"@type":"Person","@id":"https:\/\/sinticomp.org.br\/portal\/#\/schema\/person\/e77f69a648b27291635a67455423511b","name":"Jo\u00e3o Francisco F. Andrade","image":{"@type":"ImageObject","inLanguage":"pt-BR","@id":"https:\/\/sinticomp.org.br\/portal\/#\/schema\/person\/image\/","url":"https:\/\/secure.gravatar.com\/avatar\/ee93cc58f956b3c6cac9f6160170e360?s=96&d=mm&r=g","contentUrl":"https:\/\/secure.gravatar.com\/avatar\/ee93cc58f956b3c6cac9f6160170e360?s=96&d=mm&r=g","caption":"Jo\u00e3o Francisco F. Andrade"},"description":"Franciele Rodrigues do Nascimento - Arthur Andrade Nascimento","url":"https:\/\/sinticomp.org.br\/portal\/author\/sindicato\/"}]}},"_links":{"self":[{"href":"https:\/\/sinticomp.org.br\/portal\/wp-json\/wp\/v2\/posts\/4327","targetHints":{"allow":["GET"]}}],"collection":[{"href":"https:\/\/sinticomp.org.br\/portal\/wp-json\/wp\/v2\/posts"}],"about":[{"href":"https:\/\/sinticomp.org.br\/portal\/wp-json\/wp\/v2\/types\/post"}],"author":[{"embeddable":true,"href":"https:\/\/sinticomp.org.br\/portal\/wp-json\/wp\/v2\/users\/2"}],"replies":[{"embeddable":true,"href":"https:\/\/sinticomp.org.br\/portal\/wp-json\/wp\/v2\/comments?post=4327"}],"version-history":[{"count":3,"href":"https:\/\/sinticomp.org.br\/portal\/wp-json\/wp\/v2\/posts\/4327\/revisions"}],"predecessor-version":[{"id":6117,"href":"https:\/\/sinticomp.org.br\/portal\/wp-json\/wp\/v2\/posts\/4327\/revisions\/6117"}],"wp:featuredmedia":[{"embeddable":true,"href":"https:\/\/sinticomp.org.br\/portal\/wp-json\/wp\/v2\/media\/4328"}],"wp:attachment":[{"href":"https:\/\/sinticomp.org.br\/portal\/wp-json\/wp\/v2\/media?parent=4327"}],"wp:term":[{"taxonomy":"category","embeddable":true,"href":"https:\/\/sinticomp.org.br\/portal\/wp-json\/wp\/v2\/categories?post=4327"},{"taxonomy":"post_tag","embeddable":true,"href":"https:\/\/sinticomp.org.br\/portal\/wp-json\/wp\/v2\/tags?post=4327"}],"curies":[{"name":"wp","href":"https:\/\/api.w.org\/{rel}","templated":true}]}}