{"id":4086,"date":"2017-08-21T18:04:32","date_gmt":"2017-08-21T18:04:32","guid":{"rendered":"https:\/\/sinticomp.org.br\/portal\/?p=4086"},"modified":"2017-08-21T18:04:32","modified_gmt":"2017-08-21T18:04:32","slug":"forum-dos-trabalhadores-lanca-em-setembro-campanha-contra-ataques-clt","status":"publish","type":"post","link":"https:\/\/sinticomp.org.br\/portal\/forum-dos-trabalhadores-lanca-em-setembro-campanha-contra-ataques-clt\/","title":{"rendered":"&#8211; F\u00d3RUM DOS TRABALHADORES LAN\u00c7A EM SETEMBRO CAMPANHA CONTRA ATAQUES A CLT"},"content":{"rendered":"<p><a href=\"https:\/\/sinticomp.org.br\/portal\/wp-content\/uploads\/2017\/08\/8302.jpg\"><img decoding=\"async\" class=\"alignleft size-thumbnail wp-image-4087\" src=\"https:\/\/sinticomp.org.br\/portal\/wp-content\/uploads\/2017\/08\/8302-150x150.jpg\" alt=\"8302\" width=\"150\" height=\"150\" \/><\/a><\/p>\n<p>&nbsp;<\/p>\n<p>&nbsp;<\/p>\n<p>&nbsp;<\/p>\n<p>&nbsp;<\/p>\n<p>&nbsp;<\/p>\n<p>O coordenador do F\u00f3rum Sindical dos Trabalhadores, Artur Bueno de Camargo, informa que o lan\u00e7amento da campanha de resist\u00eancia \u00e0 reforma trabalhista est\u00e1 marcada para 5 de setembro, em Bras\u00edlia. As a\u00e7\u00f5es ser\u00e3o desenvolvidas, em todo o Pa\u00eds, pelas 20 Confedera\u00e7\u00f5es filiadas ao FST, que representam mais de 80 milh\u00f5es de trabalhadores.<br \/>\n&#8220;N\u00f3s estamos preparando um farto material impresso. Vamos conversar com os trabalhadores nas nossas bases e mostrar, principalmente, como eles ser\u00e3o afetados pela nova lei. Mostraremos como cada um dos deputados e senadores votaram, para que saibam tamb\u00e9m quem \u00e9 a favor e quem \u00e9 contra o trabalhador&#8221;, adiantou Artur, em entrevista nesta quinta (17) \u00e0 R\u00e1dio Web Ag\u00eancia Sindical.<br \/>\nOIT\u00a0&#8211; Dia 24 de agosto, o coordenador do F\u00f3rum e outros dirigentes de Confedera\u00e7\u00f5es embarcam para Genebra, na Su\u00ed\u00e7a, onde participam, dia 28, de audi\u00eancia na Organiza\u00e7\u00e3o Internacional do Trabalho (OIT) sobre den\u00fancia formalizada na institui\u00e7\u00e3o contra o ataque aos direitos.<br \/>\n&#8220;Essa audi\u00eancia ser\u00e1 importante, porque poderemos acrescentar os resultados no lan\u00e7amento da nossa campanha. O Brasil \u00e9 signat\u00e1rio de v\u00e1rias Conven\u00e7\u00f5es e essa reforma contraria muitas delas. Por isso, a OIT acatou nossas den\u00fancias e marcou esse encontro&#8221;, explica.<br \/>\nComit\u00eas nas Bases\u00a0&#8211; Segundo Artur, a mobiliza\u00e7\u00e3o nas bases ser\u00e1 permanente. &#8220;A inten\u00e7\u00e3o \u00e9 realizar as a\u00e7\u00f5es e criar um comit\u00ea em cada local. A partir da\u00ed, vamos massificar nossa campanha. Esses comit\u00eas ser\u00e3o respons\u00e1veis por fazer a interlocu\u00e7\u00e3o com os trabalhadores, agilizando ainda mais a mobiliza\u00e7\u00e3o&#8221;, ressalta.<br \/>\nMais informa\u00e7\u00f5es: <a href=\"http:\/\/www.fstsindical.com.br\">www.fstsindical.com.br<\/a><\/p>\n<p><strong>Fonte: Ag\u00eancia Sindical<\/strong><\/p>\n","protected":false},"excerpt":{"rendered":"<p>&nbsp; &nbsp; &nbsp; &nbsp; &nbsp; O coordenador do F\u00f3rum Sindical dos Trabalhadores, Artur Bueno de Camargo, informa que o lan\u00e7amento da campanha de resist\u00eancia \u00e0 reforma trabalhista est\u00e1 marcada para 5 de setembro, em Bras\u00edlia. As a\u00e7\u00f5es ser\u00e3o desenvolvidas, em todo o Pa\u00eds, pelas 20 Confedera\u00e7\u00f5es filiadas ao FST, que representam mais de 80 milh\u00f5es &#8230; <a title=\"&#8211; F\u00d3RUM DOS TRABALHADORES LAN\u00c7A EM SETEMBRO CAMPANHA CONTRA ATAQUES A CLT\" class=\"read-more\" href=\"https:\/\/sinticomp.org.br\/portal\/forum-dos-trabalhadores-lanca-em-setembro-campanha-contra-ataques-clt\/\" aria-label=\"Read more about &#8211; F\u00d3RUM DOS TRABALHADORES LAN\u00c7A EM SETEMBRO CAMPANHA CONTRA ATAQUES A CLT\">Ler mais<\/a><\/p>\n","protected":false},"author":2,"featured_media":4087,"comment_status":"open","ping_status":"open","sticky":false,"template":"","format":"standard","meta":{"footnotes":"","_links_to":"","_links_to_target":""},"categories":[1],"tags":[],"class_list":["post-4086","post","type-post","status-publish","format-standard","has-post-thumbnail","hentry","category-uncategorized"],"yoast_head":"<!-- This site is optimized with the Yoast SEO plugin v24.7 - https:\/\/yoast.com\/wordpress\/plugins\/seo\/ -->\n<title>- F\u00d3RUM DOS TRABALHADORES LAN\u00c7A EM SETEMBRO CAMPANHA CONTRA ATAQUES A CLT - Sinticomp - Prata<\/title>\n<meta name=\"robots\" content=\"index, follow, max-snippet:-1, max-image-preview:large, max-video-preview:-1\" \/>\n<link rel=\"canonical\" href=\"https:\/\/sinticomp.org.br\/portal\/forum-dos-trabalhadores-lanca-em-setembro-campanha-contra-ataques-clt\/\" \/>\n<meta property=\"og:locale\" content=\"pt_BR\" \/>\n<meta property=\"og:type\" content=\"article\" \/>\n<meta property=\"og:title\" content=\"- F\u00d3RUM DOS TRABALHADORES LAN\u00c7A EM SETEMBRO CAMPANHA CONTRA ATAQUES A CLT - Sinticomp - Prata\" \/>\n<meta property=\"og:description\" content=\"&nbsp; &nbsp; &nbsp; &nbsp; &nbsp; O coordenador do F\u00f3rum Sindical dos Trabalhadores, Artur Bueno de Camargo, informa que o lan\u00e7amento da campanha de resist\u00eancia \u00e0 reforma trabalhista est\u00e1 marcada para 5 de setembro, em Bras\u00edlia. As a\u00e7\u00f5es ser\u00e3o desenvolvidas, em todo o Pa\u00eds, pelas 20 Confedera\u00e7\u00f5es filiadas ao FST, que representam mais de 80 milh\u00f5es ... Ler mais\" \/>\n<meta property=\"og:url\" content=\"https:\/\/sinticomp.org.br\/portal\/forum-dos-trabalhadores-lanca-em-setembro-campanha-contra-ataques-clt\/\" \/>\n<meta property=\"og:site_name\" content=\"Sinticomp - Prata\" \/>\n<meta property=\"article:publisher\" content=\"https:\/\/www.facebook.com\/Sinticomp\" \/>\n<meta property=\"article:published_time\" content=\"2017-08-21T18:04:32+00:00\" \/>\n<meta property=\"og:image\" content=\"https:\/\/sinticomp.org.br\/portal\/wp-content\/uploads\/2017\/08\/8302.jpg\" \/>\n\t<meta property=\"og:image:width\" content=\"640\" \/>\n\t<meta property=\"og:image:height\" content=\"380\" \/>\n\t<meta property=\"og:image:type\" content=\"image\/jpeg\" \/>\n<meta name=\"author\" content=\"Jo\u00e3o Francisco F. Andrade\" \/>\n<meta name=\"twitter:card\" content=\"summary_large_image\" \/>\n<meta name=\"twitter:label1\" content=\"Escrito por\" \/>\n\t<meta name=\"twitter:data1\" content=\"Jo\u00e3o Francisco F. Andrade\" \/>\n\t<meta name=\"twitter:label2\" content=\"Est. tempo de leitura\" \/>\n\t<meta name=\"twitter:data2\" content=\"1 minuto\" \/>\n<script type=\"application\/ld+json\" class=\"yoast-schema-graph\">{\"@context\":\"https:\/\/schema.org\",\"@graph\":[{\"@type\":\"Article\",\"@id\":\"https:\/\/sinticomp.org.br\/portal\/forum-dos-trabalhadores-lanca-em-setembro-campanha-contra-ataques-clt\/#article\",\"isPartOf\":{\"@id\":\"https:\/\/sinticomp.org.br\/portal\/forum-dos-trabalhadores-lanca-em-setembro-campanha-contra-ataques-clt\/\"},\"author\":{\"name\":\"Jo\u00e3o Francisco F. Andrade\",\"@id\":\"https:\/\/sinticomp.org.br\/portal\/#\/schema\/person\/e77f69a648b27291635a67455423511b\"},\"headline\":\"&#8211; F\u00d3RUM DOS TRABALHADORES LAN\u00c7A EM SETEMBRO CAMPANHA CONTRA ATAQUES A CLT\",\"datePublished\":\"2017-08-21T18:04:32+00:00\",\"mainEntityOfPage\":{\"@id\":\"https:\/\/sinticomp.org.br\/portal\/forum-dos-trabalhadores-lanca-em-setembro-campanha-contra-ataques-clt\/\"},\"wordCount\":295,\"commentCount\":0,\"publisher\":{\"@id\":\"https:\/\/sinticomp.org.br\/portal\/#organization\"},\"image\":{\"@id\":\"https:\/\/sinticomp.org.br\/portal\/forum-dos-trabalhadores-lanca-em-setembro-campanha-contra-ataques-clt\/#primaryimage\"},\"thumbnailUrl\":\"https:\/\/sinticomp.org.br\/portal\/wp-content\/uploads\/2017\/08\/8302.jpg\",\"articleSection\":[\"Uncategorized\"],\"inLanguage\":\"pt-BR\",\"potentialAction\":[{\"@type\":\"CommentAction\",\"name\":\"Comment\",\"target\":[\"https:\/\/sinticomp.org.br\/portal\/forum-dos-trabalhadores-lanca-em-setembro-campanha-contra-ataques-clt\/#respond\"]}]},{\"@type\":\"WebPage\",\"@id\":\"https:\/\/sinticomp.org.br\/portal\/forum-dos-trabalhadores-lanca-em-setembro-campanha-contra-ataques-clt\/\",\"url\":\"https:\/\/sinticomp.org.br\/portal\/forum-dos-trabalhadores-lanca-em-setembro-campanha-contra-ataques-clt\/\",\"name\":\"- F\u00d3RUM DOS TRABALHADORES LAN\u00c7A EM SETEMBRO CAMPANHA CONTRA ATAQUES A CLT - Sinticomp - Prata\",\"isPartOf\":{\"@id\":\"https:\/\/sinticomp.org.br\/portal\/#website\"},\"primaryImageOfPage\":{\"@id\":\"https:\/\/sinticomp.org.br\/portal\/forum-dos-trabalhadores-lanca-em-setembro-campanha-contra-ataques-clt\/#primaryimage\"},\"image\":{\"@id\":\"https:\/\/sinticomp.org.br\/portal\/forum-dos-trabalhadores-lanca-em-setembro-campanha-contra-ataques-clt\/#primaryimage\"},\"thumbnailUrl\":\"https:\/\/sinticomp.org.br\/portal\/wp-content\/uploads\/2017\/08\/8302.jpg\",\"datePublished\":\"2017-08-21T18:04:32+00:00\",\"breadcrumb\":{\"@id\":\"https:\/\/sinticomp.org.br\/portal\/forum-dos-trabalhadores-lanca-em-setembro-campanha-contra-ataques-clt\/#breadcrumb\"},\"inLanguage\":\"pt-BR\",\"potentialAction\":[{\"@type\":\"ReadAction\",\"target\":[\"https:\/\/sinticomp.org.br\/portal\/forum-dos-trabalhadores-lanca-em-setembro-campanha-contra-ataques-clt\/\"]}]},{\"@type\":\"ImageObject\",\"inLanguage\":\"pt-BR\",\"@id\":\"https:\/\/sinticomp.org.br\/portal\/forum-dos-trabalhadores-lanca-em-setembro-campanha-contra-ataques-clt\/#primaryimage\",\"url\":\"https:\/\/sinticomp.org.br\/portal\/wp-content\/uploads\/2017\/08\/8302.jpg\",\"contentUrl\":\"https:\/\/sinticomp.org.br\/portal\/wp-content\/uploads\/2017\/08\/8302.jpg\",\"width\":640,\"height\":380},{\"@type\":\"BreadcrumbList\",\"@id\":\"https:\/\/sinticomp.org.br\/portal\/forum-dos-trabalhadores-lanca-em-setembro-campanha-contra-ataques-clt\/#breadcrumb\",\"itemListElement\":[{\"@type\":\"ListItem\",\"position\":1,\"name\":\"In\u00edcio\",\"item\":\"https:\/\/sinticomp.org.br\/portal\/\"},{\"@type\":\"ListItem\",\"position\":2,\"name\":\"&#8211; F\u00d3RUM DOS TRABALHADORES LAN\u00c7A EM SETEMBRO CAMPANHA CONTRA ATAQUES A CLT\"}]},{\"@type\":\"WebSite\",\"@id\":\"https:\/\/sinticomp.org.br\/portal\/#website\",\"url\":\"https:\/\/sinticomp.org.br\/portal\/\",\"name\":\"Sindicato dos Trabalhadores nas Ind\u00fastrias da Constru\u00e7\u00e3o e do Mobili\u00e1rio do Prata\",\"description\":\"Sindicato dos Trabalhadores nas Ind\u00fastrias da Constru\u00e7\u00e3o e do Mobili\u00e1rio do Prata\",\"publisher\":{\"@id\":\"https:\/\/sinticomp.org.br\/portal\/#organization\"},\"alternateName\":\"Sinticomp - Prata\",\"potentialAction\":[{\"@type\":\"SearchAction\",\"target\":{\"@type\":\"EntryPoint\",\"urlTemplate\":\"https:\/\/sinticomp.org.br\/portal\/?s={search_term_string}\"},\"query-input\":{\"@type\":\"PropertyValueSpecification\",\"valueRequired\":true,\"valueName\":\"search_term_string\"}}],\"inLanguage\":\"pt-BR\"},{\"@type\":\"Organization\",\"@id\":\"https:\/\/sinticomp.org.br\/portal\/#organization\",\"name\":\"Sindicato dos Trabalhadores nas Ind\u00fastrias da Constru\u00e7\u00e3o e do Mobili\u00e1rio do Prata\",\"alternateName\":\"Sinticomp Prata\",\"url\":\"https:\/\/sinticomp.org.br\/portal\/\",\"logo\":{\"@type\":\"ImageObject\",\"inLanguage\":\"pt-BR\",\"@id\":\"https:\/\/sinticomp.org.br\/portal\/#\/schema\/logo\/image\/\",\"url\":\"https:\/\/sinticomp.org.br\/portal\/wp-content\/uploads\/2024\/08\/Logo-Sinticomp-Prata-miniatura.jpg\",\"contentUrl\":\"https:\/\/sinticomp.org.br\/portal\/wp-content\/uploads\/2024\/08\/Logo-Sinticomp-Prata-miniatura.jpg\",\"width\":300,\"height\":314,\"caption\":\"Sindicato dos Trabalhadores nas Ind\u00fastrias da Constru\u00e7\u00e3o e do Mobili\u00e1rio do Prata\"},\"image\":{\"@id\":\"https:\/\/sinticomp.org.br\/portal\/#\/schema\/logo\/image\/\"},\"sameAs\":[\"https:\/\/www.facebook.com\/Sinticomp\",\"https:\/\/www.instagram.com\/sinticompprata\/\"]},{\"@type\":\"Person\",\"@id\":\"https:\/\/sinticomp.org.br\/portal\/#\/schema\/person\/e77f69a648b27291635a67455423511b\",\"name\":\"Jo\u00e3o Francisco F. Andrade\",\"image\":{\"@type\":\"ImageObject\",\"inLanguage\":\"pt-BR\",\"@id\":\"https:\/\/sinticomp.org.br\/portal\/#\/schema\/person\/image\/\",\"url\":\"https:\/\/secure.gravatar.com\/avatar\/ee93cc58f956b3c6cac9f6160170e360?s=96&d=mm&r=g\",\"contentUrl\":\"https:\/\/secure.gravatar.com\/avatar\/ee93cc58f956b3c6cac9f6160170e360?s=96&d=mm&r=g\",\"caption\":\"Jo\u00e3o Francisco F. Andrade\"},\"description\":\"Franciele Rodrigues do Nascimento - Arthur Andrade Nascimento\",\"url\":\"https:\/\/sinticomp.org.br\/portal\/author\/sindicato\/\"}]}<\/script>\n<!-- \/ Yoast SEO plugin. -->","yoast_head_json":{"title":"- F\u00d3RUM DOS TRABALHADORES LAN\u00c7A EM SETEMBRO CAMPANHA CONTRA ATAQUES A CLT - Sinticomp - Prata","robots":{"index":"index","follow":"follow","max-snippet":"max-snippet:-1","max-image-preview":"max-image-preview:large","max-video-preview":"max-video-preview:-1"},"canonical":"https:\/\/sinticomp.org.br\/portal\/forum-dos-trabalhadores-lanca-em-setembro-campanha-contra-ataques-clt\/","og_locale":"pt_BR","og_type":"article","og_title":"- F\u00d3RUM DOS TRABALHADORES LAN\u00c7A EM SETEMBRO CAMPANHA CONTRA ATAQUES A CLT - Sinticomp - Prata","og_description":"&nbsp; &nbsp; &nbsp; &nbsp; &nbsp; O coordenador do F\u00f3rum Sindical dos Trabalhadores, Artur Bueno de Camargo, informa que o lan\u00e7amento da campanha de resist\u00eancia \u00e0 reforma trabalhista est\u00e1 marcada para 5 de setembro, em Bras\u00edlia. As a\u00e7\u00f5es ser\u00e3o desenvolvidas, em todo o Pa\u00eds, pelas 20 Confedera\u00e7\u00f5es filiadas ao FST, que representam mais de 80 milh\u00f5es ... Ler mais","og_url":"https:\/\/sinticomp.org.br\/portal\/forum-dos-trabalhadores-lanca-em-setembro-campanha-contra-ataques-clt\/","og_site_name":"Sinticomp - Prata","article_publisher":"https:\/\/www.facebook.com\/Sinticomp","article_published_time":"2017-08-21T18:04:32+00:00","og_image":[{"width":640,"height":380,"url":"https:\/\/sinticomp.org.br\/portal\/wp-content\/uploads\/2017\/08\/8302.jpg","type":"image\/jpeg"}],"author":"Jo\u00e3o Francisco F. Andrade","twitter_card":"summary_large_image","twitter_misc":{"Escrito por":"Jo\u00e3o Francisco F. Andrade","Est. tempo de leitura":"1 minuto"},"schema":{"@context":"https:\/\/schema.org","@graph":[{"@type":"Article","@id":"https:\/\/sinticomp.org.br\/portal\/forum-dos-trabalhadores-lanca-em-setembro-campanha-contra-ataques-clt\/#article","isPartOf":{"@id":"https:\/\/sinticomp.org.br\/portal\/forum-dos-trabalhadores-lanca-em-setembro-campanha-contra-ataques-clt\/"},"author":{"name":"Jo\u00e3o Francisco F. Andrade","@id":"https:\/\/sinticomp.org.br\/portal\/#\/schema\/person\/e77f69a648b27291635a67455423511b"},"headline":"&#8211; F\u00d3RUM DOS TRABALHADORES LAN\u00c7A EM SETEMBRO CAMPANHA CONTRA ATAQUES A CLT","datePublished":"2017-08-21T18:04:32+00:00","mainEntityOfPage":{"@id":"https:\/\/sinticomp.org.br\/portal\/forum-dos-trabalhadores-lanca-em-setembro-campanha-contra-ataques-clt\/"},"wordCount":295,"commentCount":0,"publisher":{"@id":"https:\/\/sinticomp.org.br\/portal\/#organization"},"image":{"@id":"https:\/\/sinticomp.org.br\/portal\/forum-dos-trabalhadores-lanca-em-setembro-campanha-contra-ataques-clt\/#primaryimage"},"thumbnailUrl":"https:\/\/sinticomp.org.br\/portal\/wp-content\/uploads\/2017\/08\/8302.jpg","articleSection":["Uncategorized"],"inLanguage":"pt-BR","potentialAction":[{"@type":"CommentAction","name":"Comment","target":["https:\/\/sinticomp.org.br\/portal\/forum-dos-trabalhadores-lanca-em-setembro-campanha-contra-ataques-clt\/#respond"]}]},{"@type":"WebPage","@id":"https:\/\/sinticomp.org.br\/portal\/forum-dos-trabalhadores-lanca-em-setembro-campanha-contra-ataques-clt\/","url":"https:\/\/sinticomp.org.br\/portal\/forum-dos-trabalhadores-lanca-em-setembro-campanha-contra-ataques-clt\/","name":"- F\u00d3RUM DOS TRABALHADORES LAN\u00c7A EM SETEMBRO CAMPANHA CONTRA ATAQUES A CLT - Sinticomp - Prata","isPartOf":{"@id":"https:\/\/sinticomp.org.br\/portal\/#website"},"primaryImageOfPage":{"@id":"https:\/\/sinticomp.org.br\/portal\/forum-dos-trabalhadores-lanca-em-setembro-campanha-contra-ataques-clt\/#primaryimage"},"image":{"@id":"https:\/\/sinticomp.org.br\/portal\/forum-dos-trabalhadores-lanca-em-setembro-campanha-contra-ataques-clt\/#primaryimage"},"thumbnailUrl":"https:\/\/sinticomp.org.br\/portal\/wp-content\/uploads\/2017\/08\/8302.jpg","datePublished":"2017-08-21T18:04:32+00:00","breadcrumb":{"@id":"https:\/\/sinticomp.org.br\/portal\/forum-dos-trabalhadores-lanca-em-setembro-campanha-contra-ataques-clt\/#breadcrumb"},"inLanguage":"pt-BR","potentialAction":[{"@type":"ReadAction","target":["https:\/\/sinticomp.org.br\/portal\/forum-dos-trabalhadores-lanca-em-setembro-campanha-contra-ataques-clt\/"]}]},{"@type":"ImageObject","inLanguage":"pt-BR","@id":"https:\/\/sinticomp.org.br\/portal\/forum-dos-trabalhadores-lanca-em-setembro-campanha-contra-ataques-clt\/#primaryimage","url":"https:\/\/sinticomp.org.br\/portal\/wp-content\/uploads\/2017\/08\/8302.jpg","contentUrl":"https:\/\/sinticomp.org.br\/portal\/wp-content\/uploads\/2017\/08\/8302.jpg","width":640,"height":380},{"@type":"BreadcrumbList","@id":"https:\/\/sinticomp.org.br\/portal\/forum-dos-trabalhadores-lanca-em-setembro-campanha-contra-ataques-clt\/#breadcrumb","itemListElement":[{"@type":"ListItem","position":1,"name":"In\u00edcio","item":"https:\/\/sinticomp.org.br\/portal\/"},{"@type":"ListItem","position":2,"name":"&#8211; F\u00d3RUM DOS TRABALHADORES LAN\u00c7A EM SETEMBRO CAMPANHA CONTRA ATAQUES A CLT"}]},{"@type":"WebSite","@id":"https:\/\/sinticomp.org.br\/portal\/#website","url":"https:\/\/sinticomp.org.br\/portal\/","name":"Sindicato dos Trabalhadores nas Ind\u00fastrias da Constru\u00e7\u00e3o e do Mobili\u00e1rio do Prata","description":"Sindicato dos Trabalhadores nas Ind\u00fastrias da Constru\u00e7\u00e3o e do Mobili\u00e1rio do Prata","publisher":{"@id":"https:\/\/sinticomp.org.br\/portal\/#organization"},"alternateName":"Sinticomp - Prata","potentialAction":[{"@type":"SearchAction","target":{"@type":"EntryPoint","urlTemplate":"https:\/\/sinticomp.org.br\/portal\/?s={search_term_string}"},"query-input":{"@type":"PropertyValueSpecification","valueRequired":true,"valueName":"search_term_string"}}],"inLanguage":"pt-BR"},{"@type":"Organization","@id":"https:\/\/sinticomp.org.br\/portal\/#organization","name":"Sindicato dos Trabalhadores nas Ind\u00fastrias da Constru\u00e7\u00e3o e do Mobili\u00e1rio do Prata","alternateName":"Sinticomp Prata","url":"https:\/\/sinticomp.org.br\/portal\/","logo":{"@type":"ImageObject","inLanguage":"pt-BR","@id":"https:\/\/sinticomp.org.br\/portal\/#\/schema\/logo\/image\/","url":"https:\/\/sinticomp.org.br\/portal\/wp-content\/uploads\/2024\/08\/Logo-Sinticomp-Prata-miniatura.jpg","contentUrl":"https:\/\/sinticomp.org.br\/portal\/wp-content\/uploads\/2024\/08\/Logo-Sinticomp-Prata-miniatura.jpg","width":300,"height":314,"caption":"Sindicato dos Trabalhadores nas Ind\u00fastrias da Constru\u00e7\u00e3o e do Mobili\u00e1rio do Prata"},"image":{"@id":"https:\/\/sinticomp.org.br\/portal\/#\/schema\/logo\/image\/"},"sameAs":["https:\/\/www.facebook.com\/Sinticomp","https:\/\/www.instagram.com\/sinticompprata\/"]},{"@type":"Person","@id":"https:\/\/sinticomp.org.br\/portal\/#\/schema\/person\/e77f69a648b27291635a67455423511b","name":"Jo\u00e3o Francisco F. Andrade","image":{"@type":"ImageObject","inLanguage":"pt-BR","@id":"https:\/\/sinticomp.org.br\/portal\/#\/schema\/person\/image\/","url":"https:\/\/secure.gravatar.com\/avatar\/ee93cc58f956b3c6cac9f6160170e360?s=96&d=mm&r=g","contentUrl":"https:\/\/secure.gravatar.com\/avatar\/ee93cc58f956b3c6cac9f6160170e360?s=96&d=mm&r=g","caption":"Jo\u00e3o Francisco F. Andrade"},"description":"Franciele Rodrigues do Nascimento - Arthur Andrade Nascimento","url":"https:\/\/sinticomp.org.br\/portal\/author\/sindicato\/"}]}},"_links":{"self":[{"href":"https:\/\/sinticomp.org.br\/portal\/wp-json\/wp\/v2\/posts\/4086","targetHints":{"allow":["GET"]}}],"collection":[{"href":"https:\/\/sinticomp.org.br\/portal\/wp-json\/wp\/v2\/posts"}],"about":[{"href":"https:\/\/sinticomp.org.br\/portal\/wp-json\/wp\/v2\/types\/post"}],"author":[{"embeddable":true,"href":"https:\/\/sinticomp.org.br\/portal\/wp-json\/wp\/v2\/users\/2"}],"replies":[{"embeddable":true,"href":"https:\/\/sinticomp.org.br\/portal\/wp-json\/wp\/v2\/comments?post=4086"}],"version-history":[{"count":1,"href":"https:\/\/sinticomp.org.br\/portal\/wp-json\/wp\/v2\/posts\/4086\/revisions"}],"predecessor-version":[{"id":4088,"href":"https:\/\/sinticomp.org.br\/portal\/wp-json\/wp\/v2\/posts\/4086\/revisions\/4088"}],"wp:featuredmedia":[{"embeddable":true,"href":"https:\/\/sinticomp.org.br\/portal\/wp-json\/wp\/v2\/media\/4087"}],"wp:attachment":[{"href":"https:\/\/sinticomp.org.br\/portal\/wp-json\/wp\/v2\/media?parent=4086"}],"wp:term":[{"taxonomy":"category","embeddable":true,"href":"https:\/\/sinticomp.org.br\/portal\/wp-json\/wp\/v2\/categories?post=4086"},{"taxonomy":"post_tag","embeddable":true,"href":"https:\/\/sinticomp.org.br\/portal\/wp-json\/wp\/v2\/tags?post=4086"}],"curies":[{"name":"wp","href":"https:\/\/api.w.org\/{rel}","templated":true}]}}