{"id":4083,"date":"2017-08-21T18:01:17","date_gmt":"2017-08-21T18:01:17","guid":{"rendered":"https:\/\/sinticomp.org.br\/portal\/?p=4083"},"modified":"2017-08-21T18:01:17","modified_gmt":"2017-08-21T18:01:17","slug":"temer-quebra-o-pais-e-da-perdao-de-r-78-bilhoes-empresas","status":"publish","type":"post","link":"https:\/\/sinticomp.org.br\/portal\/temer-quebra-o-pais-e-da-perdao-de-r-78-bilhoes-empresas\/","title":{"rendered":"TEMER QUEBRA O PA\u00cdS E D\u00c1 PERD\u00c3O DE R$ 78 BILH\u00d5ES A EMPRESAS"},"content":{"rendered":"<p><a href=\"https:\/\/sinticomp.org.br\/portal\/wp-content\/uploads\/2017\/08\/temer_assinatura_medicina_alan_santos_pr111961.jpg\"><img decoding=\"async\" class=\"alignleft size-thumbnail wp-image-4084\" src=\"https:\/\/sinticomp.org.br\/portal\/wp-content\/uploads\/2017\/08\/temer_assinatura_medicina_alan_santos_pr111961-150x150.jpg\" alt=\"temer_assinatura_medicina_alan_santos_pr111961\" width=\"150\" height=\"150\" \/><\/a><\/p>\n<p>&nbsp;<\/p>\n<p>&nbsp;<\/p>\n<p>&nbsp;<\/p>\n<p>&nbsp;<\/p>\n<p>&nbsp;<\/p>\n<p>Enquanto reclama de heran\u00e7a maldita e das dificuldades em fechar as contas, e com esse argumento aumenta impostos para a popula\u00e7\u00e3o, como o dos combust\u00edveis, o governo de Michel Temer deixar\u00e1 de arrecadar bilh\u00f5es do empresariado, por op\u00e7\u00e3o.<br \/>\nIsso porque tr\u00eas programas criados pelo governo para parcelamento de d\u00e9bitos tribut\u00e1rios, conhecidos como Refis, podem perdoar, juntos, d\u00edvidas de R$ 78 bilh\u00f5es dos empres\u00e1rios, como mostra reportagem de Idiana Tomazelli no Estad\u00e3o deste domingo 20.<br \/>\nO montante corresponde a uma arrecada\u00e7\u00e3o potencial que une pagamentos de juros, multas e encargos de d\u00edvidas de empresas, Estados e munic\u00edpios.<br \/>\nOs benef\u00edcios foram concedidos aos devedores poucos meses antes de a equipe econ\u00f4mica de Temer anunciar a revis\u00e3o da meta fiscal para um rombo de R$ 159 bilh\u00f5es.<br \/>\nEnquanto perdoa d\u00edvidas bilion\u00e1rias de empres\u00e1rios, Temer p\u00f5e em pr\u00e1ticas medidas que afetam diretamente a popula\u00e7\u00e3o brasileira, como a restri\u00e7\u00e3o no acesso a benef\u00edcios do aux\u00edlio-doen\u00e7a, a retirada de 2 milh\u00f5es de benef\u00edcios do programa Bolsa Fam\u00edlia e at\u00e9 a redu\u00e7\u00e3o de R$ 10 no sal\u00e1rio m\u00ednimo do ano que vem.<\/p>\n<p><strong>Fonte: Brasil 247<\/strong><\/p>\n","protected":false},"excerpt":{"rendered":"<p>&nbsp; &nbsp; &nbsp; &nbsp; &nbsp; Enquanto reclama de heran\u00e7a maldita e das dificuldades em fechar as contas, e com esse argumento aumenta impostos para a popula\u00e7\u00e3o, como o dos combust\u00edveis, o governo de Michel Temer deixar\u00e1 de arrecadar bilh\u00f5es do empresariado, por op\u00e7\u00e3o. Isso porque tr\u00eas programas criados pelo governo para parcelamento de d\u00e9bitos tribut\u00e1rios, &#8230; <a title=\"TEMER QUEBRA O PA\u00cdS E D\u00c1 PERD\u00c3O DE R$ 78 BILH\u00d5ES A EMPRESAS\" class=\"read-more\" href=\"https:\/\/sinticomp.org.br\/portal\/temer-quebra-o-pais-e-da-perdao-de-r-78-bilhoes-empresas\/\" aria-label=\"Read more about TEMER QUEBRA O PA\u00cdS E D\u00c1 PERD\u00c3O DE R$ 78 BILH\u00d5ES A EMPRESAS\">Ler mais<\/a><\/p>\n","protected":false},"author":2,"featured_media":4084,"comment_status":"open","ping_status":"open","sticky":false,"template":"","format":"standard","meta":{"footnotes":"","_links_to":"","_links_to_target":""},"categories":[1],"tags":[],"class_list":["post-4083","post","type-post","status-publish","format-standard","has-post-thumbnail","hentry","category-uncategorized"],"yoast_head":"<!-- This site is optimized with the Yoast SEO plugin v24.7 - https:\/\/yoast.com\/wordpress\/plugins\/seo\/ -->\n<title>TEMER QUEBRA O PA\u00cdS E D\u00c1 PERD\u00c3O DE R$ 78 BILH\u00d5ES A EMPRESAS - Sinticomp - Prata<\/title>\n<meta name=\"robots\" content=\"index, follow, max-snippet:-1, max-image-preview:large, max-video-preview:-1\" \/>\n<link rel=\"canonical\" href=\"https:\/\/sinticomp.org.br\/portal\/temer-quebra-o-pais-e-da-perdao-de-r-78-bilhoes-empresas\/\" \/>\n<meta property=\"og:locale\" content=\"pt_BR\" \/>\n<meta property=\"og:type\" content=\"article\" \/>\n<meta property=\"og:title\" content=\"TEMER QUEBRA O PA\u00cdS E D\u00c1 PERD\u00c3O DE R$ 78 BILH\u00d5ES A EMPRESAS - Sinticomp - Prata\" \/>\n<meta property=\"og:description\" content=\"&nbsp; &nbsp; &nbsp; &nbsp; &nbsp; Enquanto reclama de heran\u00e7a maldita e das dificuldades em fechar as contas, e com esse argumento aumenta impostos para a popula\u00e7\u00e3o, como o dos combust\u00edveis, o governo de Michel Temer deixar\u00e1 de arrecadar bilh\u00f5es do empresariado, por op\u00e7\u00e3o. Isso porque tr\u00eas programas criados pelo governo para parcelamento de d\u00e9bitos tribut\u00e1rios, ... Ler mais\" \/>\n<meta property=\"og:url\" content=\"https:\/\/sinticomp.org.br\/portal\/temer-quebra-o-pais-e-da-perdao-de-r-78-bilhoes-empresas\/\" \/>\n<meta property=\"og:site_name\" content=\"Sinticomp - Prata\" \/>\n<meta property=\"article:publisher\" content=\"https:\/\/www.facebook.com\/Sinticomp\" \/>\n<meta property=\"article:published_time\" content=\"2017-08-21T18:01:17+00:00\" \/>\n<meta property=\"og:image\" content=\"https:\/\/sinticomp.org.br\/portal\/wp-content\/uploads\/2017\/08\/temer_assinatura_medicina_alan_santos_pr111961.jpg\" \/>\n\t<meta property=\"og:image:width\" content=\"472\" \/>\n\t<meta property=\"og:image:height\" content=\"332\" \/>\n\t<meta property=\"og:image:type\" content=\"image\/jpeg\" \/>\n<meta name=\"author\" content=\"Jo\u00e3o Francisco F. Andrade\" \/>\n<meta name=\"twitter:card\" content=\"summary_large_image\" \/>\n<meta name=\"twitter:label1\" content=\"Escrito por\" \/>\n\t<meta name=\"twitter:data1\" content=\"Jo\u00e3o Francisco F. Andrade\" \/>\n\t<meta name=\"twitter:label2\" content=\"Est. tempo de leitura\" \/>\n\t<meta name=\"twitter:data2\" content=\"1 minuto\" \/>\n<script type=\"application\/ld+json\" class=\"yoast-schema-graph\">{\"@context\":\"https:\/\/schema.org\",\"@graph\":[{\"@type\":\"Article\",\"@id\":\"https:\/\/sinticomp.org.br\/portal\/temer-quebra-o-pais-e-da-perdao-de-r-78-bilhoes-empresas\/#article\",\"isPartOf\":{\"@id\":\"https:\/\/sinticomp.org.br\/portal\/temer-quebra-o-pais-e-da-perdao-de-r-78-bilhoes-empresas\/\"},\"author\":{\"name\":\"Jo\u00e3o Francisco F. Andrade\",\"@id\":\"https:\/\/sinticomp.org.br\/portal\/#\/schema\/person\/e77f69a648b27291635a67455423511b\"},\"headline\":\"TEMER QUEBRA O PA\u00cdS E D\u00c1 PERD\u00c3O DE R$ 78 BILH\u00d5ES A EMPRESAS\",\"datePublished\":\"2017-08-21T18:01:17+00:00\",\"mainEntityOfPage\":{\"@id\":\"https:\/\/sinticomp.org.br\/portal\/temer-quebra-o-pais-e-da-perdao-de-r-78-bilhoes-empresas\/\"},\"wordCount\":227,\"commentCount\":0,\"publisher\":{\"@id\":\"https:\/\/sinticomp.org.br\/portal\/#organization\"},\"image\":{\"@id\":\"https:\/\/sinticomp.org.br\/portal\/temer-quebra-o-pais-e-da-perdao-de-r-78-bilhoes-empresas\/#primaryimage\"},\"thumbnailUrl\":\"https:\/\/sinticomp.org.br\/portal\/wp-content\/uploads\/2017\/08\/temer_assinatura_medicina_alan_santos_pr111961.jpg\",\"articleSection\":[\"Uncategorized\"],\"inLanguage\":\"pt-BR\",\"potentialAction\":[{\"@type\":\"CommentAction\",\"name\":\"Comment\",\"target\":[\"https:\/\/sinticomp.org.br\/portal\/temer-quebra-o-pais-e-da-perdao-de-r-78-bilhoes-empresas\/#respond\"]}]},{\"@type\":\"WebPage\",\"@id\":\"https:\/\/sinticomp.org.br\/portal\/temer-quebra-o-pais-e-da-perdao-de-r-78-bilhoes-empresas\/\",\"url\":\"https:\/\/sinticomp.org.br\/portal\/temer-quebra-o-pais-e-da-perdao-de-r-78-bilhoes-empresas\/\",\"name\":\"TEMER QUEBRA O PA\u00cdS E D\u00c1 PERD\u00c3O DE R$ 78 BILH\u00d5ES A EMPRESAS - Sinticomp - Prata\",\"isPartOf\":{\"@id\":\"https:\/\/sinticomp.org.br\/portal\/#website\"},\"primaryImageOfPage\":{\"@id\":\"https:\/\/sinticomp.org.br\/portal\/temer-quebra-o-pais-e-da-perdao-de-r-78-bilhoes-empresas\/#primaryimage\"},\"image\":{\"@id\":\"https:\/\/sinticomp.org.br\/portal\/temer-quebra-o-pais-e-da-perdao-de-r-78-bilhoes-empresas\/#primaryimage\"},\"thumbnailUrl\":\"https:\/\/sinticomp.org.br\/portal\/wp-content\/uploads\/2017\/08\/temer_assinatura_medicina_alan_santos_pr111961.jpg\",\"datePublished\":\"2017-08-21T18:01:17+00:00\",\"breadcrumb\":{\"@id\":\"https:\/\/sinticomp.org.br\/portal\/temer-quebra-o-pais-e-da-perdao-de-r-78-bilhoes-empresas\/#breadcrumb\"},\"inLanguage\":\"pt-BR\",\"potentialAction\":[{\"@type\":\"ReadAction\",\"target\":[\"https:\/\/sinticomp.org.br\/portal\/temer-quebra-o-pais-e-da-perdao-de-r-78-bilhoes-empresas\/\"]}]},{\"@type\":\"ImageObject\",\"inLanguage\":\"pt-BR\",\"@id\":\"https:\/\/sinticomp.org.br\/portal\/temer-quebra-o-pais-e-da-perdao-de-r-78-bilhoes-empresas\/#primaryimage\",\"url\":\"https:\/\/sinticomp.org.br\/portal\/wp-content\/uploads\/2017\/08\/temer_assinatura_medicina_alan_santos_pr111961.jpg\",\"contentUrl\":\"https:\/\/sinticomp.org.br\/portal\/wp-content\/uploads\/2017\/08\/temer_assinatura_medicina_alan_santos_pr111961.jpg\",\"width\":472,\"height\":332},{\"@type\":\"BreadcrumbList\",\"@id\":\"https:\/\/sinticomp.org.br\/portal\/temer-quebra-o-pais-e-da-perdao-de-r-78-bilhoes-empresas\/#breadcrumb\",\"itemListElement\":[{\"@type\":\"ListItem\",\"position\":1,\"name\":\"In\u00edcio\",\"item\":\"https:\/\/sinticomp.org.br\/portal\/\"},{\"@type\":\"ListItem\",\"position\":2,\"name\":\"TEMER QUEBRA O PA\u00cdS E D\u00c1 PERD\u00c3O DE R$ 78 BILH\u00d5ES A EMPRESAS\"}]},{\"@type\":\"WebSite\",\"@id\":\"https:\/\/sinticomp.org.br\/portal\/#website\",\"url\":\"https:\/\/sinticomp.org.br\/portal\/\",\"name\":\"Sindicato dos Trabalhadores nas Ind\u00fastrias da Constru\u00e7\u00e3o e do Mobili\u00e1rio do Prata\",\"description\":\"Sindicato dos Trabalhadores nas Ind\u00fastrias da Constru\u00e7\u00e3o e do Mobili\u00e1rio do Prata\",\"publisher\":{\"@id\":\"https:\/\/sinticomp.org.br\/portal\/#organization\"},\"alternateName\":\"Sinticomp - Prata\",\"potentialAction\":[{\"@type\":\"SearchAction\",\"target\":{\"@type\":\"EntryPoint\",\"urlTemplate\":\"https:\/\/sinticomp.org.br\/portal\/?s={search_term_string}\"},\"query-input\":{\"@type\":\"PropertyValueSpecification\",\"valueRequired\":true,\"valueName\":\"search_term_string\"}}],\"inLanguage\":\"pt-BR\"},{\"@type\":\"Organization\",\"@id\":\"https:\/\/sinticomp.org.br\/portal\/#organization\",\"name\":\"Sindicato dos Trabalhadores nas Ind\u00fastrias da Constru\u00e7\u00e3o e do Mobili\u00e1rio do Prata\",\"alternateName\":\"Sinticomp Prata\",\"url\":\"https:\/\/sinticomp.org.br\/portal\/\",\"logo\":{\"@type\":\"ImageObject\",\"inLanguage\":\"pt-BR\",\"@id\":\"https:\/\/sinticomp.org.br\/portal\/#\/schema\/logo\/image\/\",\"url\":\"https:\/\/sinticomp.org.br\/portal\/wp-content\/uploads\/2024\/08\/Logo-Sinticomp-Prata-miniatura.jpg\",\"contentUrl\":\"https:\/\/sinticomp.org.br\/portal\/wp-content\/uploads\/2024\/08\/Logo-Sinticomp-Prata-miniatura.jpg\",\"width\":300,\"height\":314,\"caption\":\"Sindicato dos Trabalhadores nas Ind\u00fastrias da Constru\u00e7\u00e3o e do Mobili\u00e1rio do Prata\"},\"image\":{\"@id\":\"https:\/\/sinticomp.org.br\/portal\/#\/schema\/logo\/image\/\"},\"sameAs\":[\"https:\/\/www.facebook.com\/Sinticomp\",\"https:\/\/www.instagram.com\/sinticompprata\/\"]},{\"@type\":\"Person\",\"@id\":\"https:\/\/sinticomp.org.br\/portal\/#\/schema\/person\/e77f69a648b27291635a67455423511b\",\"name\":\"Jo\u00e3o Francisco F. Andrade\",\"image\":{\"@type\":\"ImageObject\",\"inLanguage\":\"pt-BR\",\"@id\":\"https:\/\/sinticomp.org.br\/portal\/#\/schema\/person\/image\/\",\"url\":\"https:\/\/secure.gravatar.com\/avatar\/ee93cc58f956b3c6cac9f6160170e360?s=96&d=mm&r=g\",\"contentUrl\":\"https:\/\/secure.gravatar.com\/avatar\/ee93cc58f956b3c6cac9f6160170e360?s=96&d=mm&r=g\",\"caption\":\"Jo\u00e3o Francisco F. Andrade\"},\"description\":\"Franciele Rodrigues do Nascimento - Arthur Andrade Nascimento\",\"url\":\"https:\/\/sinticomp.org.br\/portal\/author\/sindicato\/\"}]}<\/script>\n<!-- \/ Yoast SEO plugin. -->","yoast_head_json":{"title":"TEMER QUEBRA O PA\u00cdS E D\u00c1 PERD\u00c3O DE R$ 78 BILH\u00d5ES A EMPRESAS - Sinticomp - Prata","robots":{"index":"index","follow":"follow","max-snippet":"max-snippet:-1","max-image-preview":"max-image-preview:large","max-video-preview":"max-video-preview:-1"},"canonical":"https:\/\/sinticomp.org.br\/portal\/temer-quebra-o-pais-e-da-perdao-de-r-78-bilhoes-empresas\/","og_locale":"pt_BR","og_type":"article","og_title":"TEMER QUEBRA O PA\u00cdS E D\u00c1 PERD\u00c3O DE R$ 78 BILH\u00d5ES A EMPRESAS - Sinticomp - Prata","og_description":"&nbsp; &nbsp; &nbsp; &nbsp; &nbsp; Enquanto reclama de heran\u00e7a maldita e das dificuldades em fechar as contas, e com esse argumento aumenta impostos para a popula\u00e7\u00e3o, como o dos combust\u00edveis, o governo de Michel Temer deixar\u00e1 de arrecadar bilh\u00f5es do empresariado, por op\u00e7\u00e3o. Isso porque tr\u00eas programas criados pelo governo para parcelamento de d\u00e9bitos tribut\u00e1rios, ... Ler mais","og_url":"https:\/\/sinticomp.org.br\/portal\/temer-quebra-o-pais-e-da-perdao-de-r-78-bilhoes-empresas\/","og_site_name":"Sinticomp - Prata","article_publisher":"https:\/\/www.facebook.com\/Sinticomp","article_published_time":"2017-08-21T18:01:17+00:00","og_image":[{"width":472,"height":332,"url":"https:\/\/sinticomp.org.br\/portal\/wp-content\/uploads\/2017\/08\/temer_assinatura_medicina_alan_santos_pr111961.jpg","type":"image\/jpeg"}],"author":"Jo\u00e3o Francisco F. Andrade","twitter_card":"summary_large_image","twitter_misc":{"Escrito por":"Jo\u00e3o Francisco F. Andrade","Est. tempo de leitura":"1 minuto"},"schema":{"@context":"https:\/\/schema.org","@graph":[{"@type":"Article","@id":"https:\/\/sinticomp.org.br\/portal\/temer-quebra-o-pais-e-da-perdao-de-r-78-bilhoes-empresas\/#article","isPartOf":{"@id":"https:\/\/sinticomp.org.br\/portal\/temer-quebra-o-pais-e-da-perdao-de-r-78-bilhoes-empresas\/"},"author":{"name":"Jo\u00e3o Francisco F. Andrade","@id":"https:\/\/sinticomp.org.br\/portal\/#\/schema\/person\/e77f69a648b27291635a67455423511b"},"headline":"TEMER QUEBRA O PA\u00cdS E D\u00c1 PERD\u00c3O DE R$ 78 BILH\u00d5ES A EMPRESAS","datePublished":"2017-08-21T18:01:17+00:00","mainEntityOfPage":{"@id":"https:\/\/sinticomp.org.br\/portal\/temer-quebra-o-pais-e-da-perdao-de-r-78-bilhoes-empresas\/"},"wordCount":227,"commentCount":0,"publisher":{"@id":"https:\/\/sinticomp.org.br\/portal\/#organization"},"image":{"@id":"https:\/\/sinticomp.org.br\/portal\/temer-quebra-o-pais-e-da-perdao-de-r-78-bilhoes-empresas\/#primaryimage"},"thumbnailUrl":"https:\/\/sinticomp.org.br\/portal\/wp-content\/uploads\/2017\/08\/temer_assinatura_medicina_alan_santos_pr111961.jpg","articleSection":["Uncategorized"],"inLanguage":"pt-BR","potentialAction":[{"@type":"CommentAction","name":"Comment","target":["https:\/\/sinticomp.org.br\/portal\/temer-quebra-o-pais-e-da-perdao-de-r-78-bilhoes-empresas\/#respond"]}]},{"@type":"WebPage","@id":"https:\/\/sinticomp.org.br\/portal\/temer-quebra-o-pais-e-da-perdao-de-r-78-bilhoes-empresas\/","url":"https:\/\/sinticomp.org.br\/portal\/temer-quebra-o-pais-e-da-perdao-de-r-78-bilhoes-empresas\/","name":"TEMER QUEBRA O PA\u00cdS E D\u00c1 PERD\u00c3O DE R$ 78 BILH\u00d5ES A EMPRESAS - Sinticomp - Prata","isPartOf":{"@id":"https:\/\/sinticomp.org.br\/portal\/#website"},"primaryImageOfPage":{"@id":"https:\/\/sinticomp.org.br\/portal\/temer-quebra-o-pais-e-da-perdao-de-r-78-bilhoes-empresas\/#primaryimage"},"image":{"@id":"https:\/\/sinticomp.org.br\/portal\/temer-quebra-o-pais-e-da-perdao-de-r-78-bilhoes-empresas\/#primaryimage"},"thumbnailUrl":"https:\/\/sinticomp.org.br\/portal\/wp-content\/uploads\/2017\/08\/temer_assinatura_medicina_alan_santos_pr111961.jpg","datePublished":"2017-08-21T18:01:17+00:00","breadcrumb":{"@id":"https:\/\/sinticomp.org.br\/portal\/temer-quebra-o-pais-e-da-perdao-de-r-78-bilhoes-empresas\/#breadcrumb"},"inLanguage":"pt-BR","potentialAction":[{"@type":"ReadAction","target":["https:\/\/sinticomp.org.br\/portal\/temer-quebra-o-pais-e-da-perdao-de-r-78-bilhoes-empresas\/"]}]},{"@type":"ImageObject","inLanguage":"pt-BR","@id":"https:\/\/sinticomp.org.br\/portal\/temer-quebra-o-pais-e-da-perdao-de-r-78-bilhoes-empresas\/#primaryimage","url":"https:\/\/sinticomp.org.br\/portal\/wp-content\/uploads\/2017\/08\/temer_assinatura_medicina_alan_santos_pr111961.jpg","contentUrl":"https:\/\/sinticomp.org.br\/portal\/wp-content\/uploads\/2017\/08\/temer_assinatura_medicina_alan_santos_pr111961.jpg","width":472,"height":332},{"@type":"BreadcrumbList","@id":"https:\/\/sinticomp.org.br\/portal\/temer-quebra-o-pais-e-da-perdao-de-r-78-bilhoes-empresas\/#breadcrumb","itemListElement":[{"@type":"ListItem","position":1,"name":"In\u00edcio","item":"https:\/\/sinticomp.org.br\/portal\/"},{"@type":"ListItem","position":2,"name":"TEMER QUEBRA O PA\u00cdS E D\u00c1 PERD\u00c3O DE R$ 78 BILH\u00d5ES A EMPRESAS"}]},{"@type":"WebSite","@id":"https:\/\/sinticomp.org.br\/portal\/#website","url":"https:\/\/sinticomp.org.br\/portal\/","name":"Sindicato dos Trabalhadores nas Ind\u00fastrias da Constru\u00e7\u00e3o e do Mobili\u00e1rio do Prata","description":"Sindicato dos Trabalhadores nas Ind\u00fastrias da Constru\u00e7\u00e3o e do Mobili\u00e1rio do Prata","publisher":{"@id":"https:\/\/sinticomp.org.br\/portal\/#organization"},"alternateName":"Sinticomp - Prata","potentialAction":[{"@type":"SearchAction","target":{"@type":"EntryPoint","urlTemplate":"https:\/\/sinticomp.org.br\/portal\/?s={search_term_string}"},"query-input":{"@type":"PropertyValueSpecification","valueRequired":true,"valueName":"search_term_string"}}],"inLanguage":"pt-BR"},{"@type":"Organization","@id":"https:\/\/sinticomp.org.br\/portal\/#organization","name":"Sindicato dos Trabalhadores nas Ind\u00fastrias da Constru\u00e7\u00e3o e do Mobili\u00e1rio do Prata","alternateName":"Sinticomp Prata","url":"https:\/\/sinticomp.org.br\/portal\/","logo":{"@type":"ImageObject","inLanguage":"pt-BR","@id":"https:\/\/sinticomp.org.br\/portal\/#\/schema\/logo\/image\/","url":"https:\/\/sinticomp.org.br\/portal\/wp-content\/uploads\/2024\/08\/Logo-Sinticomp-Prata-miniatura.jpg","contentUrl":"https:\/\/sinticomp.org.br\/portal\/wp-content\/uploads\/2024\/08\/Logo-Sinticomp-Prata-miniatura.jpg","width":300,"height":314,"caption":"Sindicato dos Trabalhadores nas Ind\u00fastrias da Constru\u00e7\u00e3o e do Mobili\u00e1rio do Prata"},"image":{"@id":"https:\/\/sinticomp.org.br\/portal\/#\/schema\/logo\/image\/"},"sameAs":["https:\/\/www.facebook.com\/Sinticomp","https:\/\/www.instagram.com\/sinticompprata\/"]},{"@type":"Person","@id":"https:\/\/sinticomp.org.br\/portal\/#\/schema\/person\/e77f69a648b27291635a67455423511b","name":"Jo\u00e3o Francisco F. Andrade","image":{"@type":"ImageObject","inLanguage":"pt-BR","@id":"https:\/\/sinticomp.org.br\/portal\/#\/schema\/person\/image\/","url":"https:\/\/secure.gravatar.com\/avatar\/ee93cc58f956b3c6cac9f6160170e360?s=96&d=mm&r=g","contentUrl":"https:\/\/secure.gravatar.com\/avatar\/ee93cc58f956b3c6cac9f6160170e360?s=96&d=mm&r=g","caption":"Jo\u00e3o Francisco F. Andrade"},"description":"Franciele Rodrigues do Nascimento - Arthur Andrade Nascimento","url":"https:\/\/sinticomp.org.br\/portal\/author\/sindicato\/"}]}},"_links":{"self":[{"href":"https:\/\/sinticomp.org.br\/portal\/wp-json\/wp\/v2\/posts\/4083","targetHints":{"allow":["GET"]}}],"collection":[{"href":"https:\/\/sinticomp.org.br\/portal\/wp-json\/wp\/v2\/posts"}],"about":[{"href":"https:\/\/sinticomp.org.br\/portal\/wp-json\/wp\/v2\/types\/post"}],"author":[{"embeddable":true,"href":"https:\/\/sinticomp.org.br\/portal\/wp-json\/wp\/v2\/users\/2"}],"replies":[{"embeddable":true,"href":"https:\/\/sinticomp.org.br\/portal\/wp-json\/wp\/v2\/comments?post=4083"}],"version-history":[{"count":1,"href":"https:\/\/sinticomp.org.br\/portal\/wp-json\/wp\/v2\/posts\/4083\/revisions"}],"predecessor-version":[{"id":4085,"href":"https:\/\/sinticomp.org.br\/portal\/wp-json\/wp\/v2\/posts\/4083\/revisions\/4085"}],"wp:featuredmedia":[{"embeddable":true,"href":"https:\/\/sinticomp.org.br\/portal\/wp-json\/wp\/v2\/media\/4084"}],"wp:attachment":[{"href":"https:\/\/sinticomp.org.br\/portal\/wp-json\/wp\/v2\/media?parent=4083"}],"wp:term":[{"taxonomy":"category","embeddable":true,"href":"https:\/\/sinticomp.org.br\/portal\/wp-json\/wp\/v2\/categories?post=4083"},{"taxonomy":"post_tag","embeddable":true,"href":"https:\/\/sinticomp.org.br\/portal\/wp-json\/wp\/v2\/tags?post=4083"}],"curies":[{"name":"wp","href":"https:\/\/api.w.org\/{rel}","templated":true}]}}