{"id":3821,"date":"2017-04-01T14:46:46","date_gmt":"2017-04-01T14:46:46","guid":{"rendered":"https:\/\/sinticomp.org.br\/portal\/?p=3821"},"modified":"2017-04-01T14:48:09","modified_gmt":"2017-04-01T14:48:09","slug":"telecurso-2000","status":"publish","type":"post","link":"https:\/\/sinticomp.org.br\/portal\/telecurso-2000\/","title":{"rendered":"TELECURSO 2000"},"content":{"rendered":"<div class=\"g-12\">\n<header class=\"entry-header\">\n<h1>Exames do Telecurso 2000<\/h1>\n<p><em>Jovens e adultos profissionais s\u00e3o qualificados para o mercado<\/em><\/p>\n<\/header>\n<p><img fetchpriority=\"high\" decoding=\"async\" class=\"\" src=\"http:\/\/www7.fiemg.com.br\/Assets\/Images\/DynamicImages\/b5a0cd24504ad0272beb2044cf1ea71331176df664494b8b7336a4d31e5aabf1.jpg\" width=\"673\" height=\"172\" \/><\/p>\n<\/div>\n<div class=\"entry-content g-8\">\n<p><strong>Telecurso 2000<\/strong> faz parte do programa de Eleva\u00e7\u00e3o de Escolaridade do Trabalhador, que por interm\u00e9dio do <strong><a href=\"http:\/\/www7.fiemg.com.br\/sesi\/produto\/sesi-no-palco?prefix=\/sesi&amp;link=\/produto\/sesi-no-palco\" target=\"_blank\">SESI MG<\/a>,<\/strong> forma alunos nos ensinos <strong>Fundamental<\/strong> e<strong> M\u00e9dio<\/strong>.<\/p>\n<p>O exame de certifica\u00e7\u00e3o \u00e9 aplicado para avaliar jovens e adultos que n\u00e3o conclu\u00edram os estudos em idade regular. Pode ser realizado para obten\u00e7\u00e3o da certifica\u00e7\u00e3o em n\u00edvel de conclus\u00e3o do Ensino Fundamental, para quem tem, no m\u00ednimo,15 anos completos, e certifica\u00e7\u00e3o do Ensino M\u00e9dio, para quem tem, no m\u00ednimo, 18 anos completos.<\/p>\n<p align=\"justify\">Confira abaixo o calend\u00e1rio dos exames de Telecurso 2000.<\/p>\n<p><strong><br \/>\nPROCESSO SELETIVO JULHO 2017<\/strong><\/p>\n<p><strong>Inscri\u00e7\u00f5es:<\/strong> 05 de abril a 12 de maio de 2017<\/p>\n<p><strong>Consulta do local de prova:<\/strong> 10 dias ap\u00f3s o pagamento da inscri\u00e7\u00e3o<\/p>\n<p><strong>Provas:<\/strong> 02 de julho de 2017<\/p>\n<p><strong>Gabarito Preliminar:<\/strong> 10 \u00a0de julho de 2017<\/p>\n<p><strong>Recursos:<\/strong> 11 e 12 de julho de 2017<\/p>\n<p><strong>Gabarito Oficial:<\/strong> 18\u00a0 de julho de 2017<\/p>\n<p><strong>Resultado Oficial:<\/strong> 10 de agosto de 2017<strong>\u00a0<\/strong><\/p>\n<\/div>\n","protected":false},"excerpt":{"rendered":"<p>Exames do Telecurso 2000 Jovens e adultos profissionais s\u00e3o qualificados para o mercado Telecurso 2000 faz parte do programa de Eleva\u00e7\u00e3o de Escolaridade do Trabalhador, que por interm\u00e9dio do SESI MG, forma alunos nos ensinos Fundamental e M\u00e9dio. O exame de certifica\u00e7\u00e3o \u00e9 aplicado para avaliar jovens e adultos que n\u00e3o conclu\u00edram os estudos em &#8230; <a title=\"TELECURSO 2000\" class=\"read-more\" href=\"https:\/\/sinticomp.org.br\/portal\/telecurso-2000\/\" aria-label=\"Read more about TELECURSO 2000\">Ler mais<\/a><\/p>\n","protected":false},"author":2,"featured_media":3822,"comment_status":"open","ping_status":"open","sticky":false,"template":"","format":"standard","meta":{"footnotes":"","_links_to":"","_links_to_target":""},"categories":[1],"tags":[],"class_list":["post-3821","post","type-post","status-publish","format-standard","has-post-thumbnail","hentry","category-uncategorized"],"yoast_head":"<!-- This site is optimized with the Yoast SEO plugin v24.7 - https:\/\/yoast.com\/wordpress\/plugins\/seo\/ -->\n<title>TELECURSO 2000 - Sinticomp - Prata<\/title>\n<meta name=\"robots\" content=\"index, follow, max-snippet:-1, max-image-preview:large, max-video-preview:-1\" \/>\n<link rel=\"canonical\" href=\"https:\/\/sinticomp.org.br\/portal\/telecurso-2000\/\" \/>\n<meta property=\"og:locale\" content=\"pt_BR\" \/>\n<meta property=\"og:type\" content=\"article\" \/>\n<meta property=\"og:title\" content=\"TELECURSO 2000 - Sinticomp - Prata\" \/>\n<meta property=\"og:description\" content=\"Exames do Telecurso 2000 Jovens e adultos profissionais s\u00e3o qualificados para o mercado Telecurso 2000 faz parte do programa de Eleva\u00e7\u00e3o de Escolaridade do Trabalhador, que por interm\u00e9dio do SESI MG, forma alunos nos ensinos Fundamental e M\u00e9dio. O exame de certifica\u00e7\u00e3o \u00e9 aplicado para avaliar jovens e adultos que n\u00e3o conclu\u00edram os estudos em ... Ler mais\" \/>\n<meta property=\"og:url\" content=\"https:\/\/sinticomp.org.br\/portal\/telecurso-2000\/\" \/>\n<meta property=\"og:site_name\" content=\"Sinticomp - Prata\" \/>\n<meta property=\"article:publisher\" content=\"https:\/\/www.facebook.com\/Sinticomp\" \/>\n<meta property=\"article:published_time\" content=\"2017-04-01T14:46:46+00:00\" \/>\n<meta property=\"article:modified_time\" content=\"2017-04-01T14:48:09+00:00\" \/>\n<meta property=\"og:image\" content=\"https:\/\/sinticomp.org.br\/portal\/wp-content\/uploads\/2017\/04\/TELECURSO.jpg\" \/>\n\t<meta property=\"og:image:width\" content=\"940\" \/>\n\t<meta property=\"og:image:height\" content=\"240\" \/>\n\t<meta property=\"og:image:type\" content=\"image\/jpeg\" \/>\n<meta name=\"author\" content=\"Jo\u00e3o Francisco F. Andrade\" \/>\n<meta name=\"twitter:card\" content=\"summary_large_image\" \/>\n<meta name=\"twitter:label1\" content=\"Escrito por\" \/>\n\t<meta name=\"twitter:data1\" content=\"Jo\u00e3o Francisco F. Andrade\" \/>\n\t<meta name=\"twitter:label2\" content=\"Est. tempo de leitura\" \/>\n\t<meta name=\"twitter:data2\" content=\"1 minuto\" \/>\n<script type=\"application\/ld+json\" class=\"yoast-schema-graph\">{\"@context\":\"https:\/\/schema.org\",\"@graph\":[{\"@type\":\"Article\",\"@id\":\"https:\/\/sinticomp.org.br\/portal\/telecurso-2000\/#article\",\"isPartOf\":{\"@id\":\"https:\/\/sinticomp.org.br\/portal\/telecurso-2000\/\"},\"author\":{\"name\":\"Jo\u00e3o Francisco F. Andrade\",\"@id\":\"https:\/\/sinticomp.org.br\/portal\/#\/schema\/person\/e77f69a648b27291635a67455423511b\"},\"headline\":\"TELECURSO 2000\",\"datePublished\":\"2017-04-01T14:46:46+00:00\",\"dateModified\":\"2017-04-01T14:48:09+00:00\",\"mainEntityOfPage\":{\"@id\":\"https:\/\/sinticomp.org.br\/portal\/telecurso-2000\/\"},\"wordCount\":160,\"commentCount\":0,\"publisher\":{\"@id\":\"https:\/\/sinticomp.org.br\/portal\/#organization\"},\"image\":{\"@id\":\"https:\/\/sinticomp.org.br\/portal\/telecurso-2000\/#primaryimage\"},\"thumbnailUrl\":\"https:\/\/sinticomp.org.br\/portal\/wp-content\/uploads\/2017\/04\/TELECURSO.jpg\",\"articleSection\":[\"Uncategorized\"],\"inLanguage\":\"pt-BR\",\"potentialAction\":[{\"@type\":\"CommentAction\",\"name\":\"Comment\",\"target\":[\"https:\/\/sinticomp.org.br\/portal\/telecurso-2000\/#respond\"]}]},{\"@type\":\"WebPage\",\"@id\":\"https:\/\/sinticomp.org.br\/portal\/telecurso-2000\/\",\"url\":\"https:\/\/sinticomp.org.br\/portal\/telecurso-2000\/\",\"name\":\"TELECURSO 2000 - Sinticomp - Prata\",\"isPartOf\":{\"@id\":\"https:\/\/sinticomp.org.br\/portal\/#website\"},\"primaryImageOfPage\":{\"@id\":\"https:\/\/sinticomp.org.br\/portal\/telecurso-2000\/#primaryimage\"},\"image\":{\"@id\":\"https:\/\/sinticomp.org.br\/portal\/telecurso-2000\/#primaryimage\"},\"thumbnailUrl\":\"https:\/\/sinticomp.org.br\/portal\/wp-content\/uploads\/2017\/04\/TELECURSO.jpg\",\"datePublished\":\"2017-04-01T14:46:46+00:00\",\"dateModified\":\"2017-04-01T14:48:09+00:00\",\"breadcrumb\":{\"@id\":\"https:\/\/sinticomp.org.br\/portal\/telecurso-2000\/#breadcrumb\"},\"inLanguage\":\"pt-BR\",\"potentialAction\":[{\"@type\":\"ReadAction\",\"target\":[\"https:\/\/sinticomp.org.br\/portal\/telecurso-2000\/\"]}]},{\"@type\":\"ImageObject\",\"inLanguage\":\"pt-BR\",\"@id\":\"https:\/\/sinticomp.org.br\/portal\/telecurso-2000\/#primaryimage\",\"url\":\"https:\/\/sinticomp.org.br\/portal\/wp-content\/uploads\/2017\/04\/TELECURSO.jpg\",\"contentUrl\":\"https:\/\/sinticomp.org.br\/portal\/wp-content\/uploads\/2017\/04\/TELECURSO.jpg\",\"width\":940,\"height\":240},{\"@type\":\"BreadcrumbList\",\"@id\":\"https:\/\/sinticomp.org.br\/portal\/telecurso-2000\/#breadcrumb\",\"itemListElement\":[{\"@type\":\"ListItem\",\"position\":1,\"name\":\"In\u00edcio\",\"item\":\"https:\/\/sinticomp.org.br\/portal\/\"},{\"@type\":\"ListItem\",\"position\":2,\"name\":\"TELECURSO 2000\"}]},{\"@type\":\"WebSite\",\"@id\":\"https:\/\/sinticomp.org.br\/portal\/#website\",\"url\":\"https:\/\/sinticomp.org.br\/portal\/\",\"name\":\"Sindicato dos Trabalhadores nas Ind\u00fastrias da Constru\u00e7\u00e3o e do Mobili\u00e1rio do Prata\",\"description\":\"Sindicato dos Trabalhadores nas Ind\u00fastrias da Constru\u00e7\u00e3o e do Mobili\u00e1rio do Prata\",\"publisher\":{\"@id\":\"https:\/\/sinticomp.org.br\/portal\/#organization\"},\"alternateName\":\"Sinticomp - Prata\",\"potentialAction\":[{\"@type\":\"SearchAction\",\"target\":{\"@type\":\"EntryPoint\",\"urlTemplate\":\"https:\/\/sinticomp.org.br\/portal\/?s={search_term_string}\"},\"query-input\":{\"@type\":\"PropertyValueSpecification\",\"valueRequired\":true,\"valueName\":\"search_term_string\"}}],\"inLanguage\":\"pt-BR\"},{\"@type\":\"Organization\",\"@id\":\"https:\/\/sinticomp.org.br\/portal\/#organization\",\"name\":\"Sindicato dos Trabalhadores nas Ind\u00fastrias da Constru\u00e7\u00e3o e do Mobili\u00e1rio do Prata\",\"alternateName\":\"Sinticomp Prata\",\"url\":\"https:\/\/sinticomp.org.br\/portal\/\",\"logo\":{\"@type\":\"ImageObject\",\"inLanguage\":\"pt-BR\",\"@id\":\"https:\/\/sinticomp.org.br\/portal\/#\/schema\/logo\/image\/\",\"url\":\"https:\/\/sinticomp.org.br\/portal\/wp-content\/uploads\/2024\/08\/Logo-Sinticomp-Prata-miniatura.jpg\",\"contentUrl\":\"https:\/\/sinticomp.org.br\/portal\/wp-content\/uploads\/2024\/08\/Logo-Sinticomp-Prata-miniatura.jpg\",\"width\":300,\"height\":314,\"caption\":\"Sindicato dos Trabalhadores nas Ind\u00fastrias da Constru\u00e7\u00e3o e do Mobili\u00e1rio do Prata\"},\"image\":{\"@id\":\"https:\/\/sinticomp.org.br\/portal\/#\/schema\/logo\/image\/\"},\"sameAs\":[\"https:\/\/www.facebook.com\/Sinticomp\",\"https:\/\/www.instagram.com\/sinticompprata\/\"]},{\"@type\":\"Person\",\"@id\":\"https:\/\/sinticomp.org.br\/portal\/#\/schema\/person\/e77f69a648b27291635a67455423511b\",\"name\":\"Jo\u00e3o Francisco F. Andrade\",\"image\":{\"@type\":\"ImageObject\",\"inLanguage\":\"pt-BR\",\"@id\":\"https:\/\/sinticomp.org.br\/portal\/#\/schema\/person\/image\/\",\"url\":\"https:\/\/secure.gravatar.com\/avatar\/ee93cc58f956b3c6cac9f6160170e360?s=96&d=mm&r=g\",\"contentUrl\":\"https:\/\/secure.gravatar.com\/avatar\/ee93cc58f956b3c6cac9f6160170e360?s=96&d=mm&r=g\",\"caption\":\"Jo\u00e3o Francisco F. Andrade\"},\"description\":\"Franciele Rodrigues do Nascimento - Arthur Andrade Nascimento\",\"url\":\"https:\/\/sinticomp.org.br\/portal\/author\/sindicato\/\"}]}<\/script>\n<!-- \/ Yoast SEO plugin. -->","yoast_head_json":{"title":"TELECURSO 2000 - Sinticomp - Prata","robots":{"index":"index","follow":"follow","max-snippet":"max-snippet:-1","max-image-preview":"max-image-preview:large","max-video-preview":"max-video-preview:-1"},"canonical":"https:\/\/sinticomp.org.br\/portal\/telecurso-2000\/","og_locale":"pt_BR","og_type":"article","og_title":"TELECURSO 2000 - Sinticomp - Prata","og_description":"Exames do Telecurso 2000 Jovens e adultos profissionais s\u00e3o qualificados para o mercado Telecurso 2000 faz parte do programa de Eleva\u00e7\u00e3o de Escolaridade do Trabalhador, que por interm\u00e9dio do SESI MG, forma alunos nos ensinos Fundamental e M\u00e9dio. O exame de certifica\u00e7\u00e3o \u00e9 aplicado para avaliar jovens e adultos que n\u00e3o conclu\u00edram os estudos em ... Ler mais","og_url":"https:\/\/sinticomp.org.br\/portal\/telecurso-2000\/","og_site_name":"Sinticomp - Prata","article_publisher":"https:\/\/www.facebook.com\/Sinticomp","article_published_time":"2017-04-01T14:46:46+00:00","article_modified_time":"2017-04-01T14:48:09+00:00","og_image":[{"width":940,"height":240,"url":"https:\/\/sinticomp.org.br\/portal\/wp-content\/uploads\/2017\/04\/TELECURSO.jpg","type":"image\/jpeg"}],"author":"Jo\u00e3o Francisco F. Andrade","twitter_card":"summary_large_image","twitter_misc":{"Escrito por":"Jo\u00e3o Francisco F. Andrade","Est. tempo de leitura":"1 minuto"},"schema":{"@context":"https:\/\/schema.org","@graph":[{"@type":"Article","@id":"https:\/\/sinticomp.org.br\/portal\/telecurso-2000\/#article","isPartOf":{"@id":"https:\/\/sinticomp.org.br\/portal\/telecurso-2000\/"},"author":{"name":"Jo\u00e3o Francisco F. Andrade","@id":"https:\/\/sinticomp.org.br\/portal\/#\/schema\/person\/e77f69a648b27291635a67455423511b"},"headline":"TELECURSO 2000","datePublished":"2017-04-01T14:46:46+00:00","dateModified":"2017-04-01T14:48:09+00:00","mainEntityOfPage":{"@id":"https:\/\/sinticomp.org.br\/portal\/telecurso-2000\/"},"wordCount":160,"commentCount":0,"publisher":{"@id":"https:\/\/sinticomp.org.br\/portal\/#organization"},"image":{"@id":"https:\/\/sinticomp.org.br\/portal\/telecurso-2000\/#primaryimage"},"thumbnailUrl":"https:\/\/sinticomp.org.br\/portal\/wp-content\/uploads\/2017\/04\/TELECURSO.jpg","articleSection":["Uncategorized"],"inLanguage":"pt-BR","potentialAction":[{"@type":"CommentAction","name":"Comment","target":["https:\/\/sinticomp.org.br\/portal\/telecurso-2000\/#respond"]}]},{"@type":"WebPage","@id":"https:\/\/sinticomp.org.br\/portal\/telecurso-2000\/","url":"https:\/\/sinticomp.org.br\/portal\/telecurso-2000\/","name":"TELECURSO 2000 - Sinticomp - Prata","isPartOf":{"@id":"https:\/\/sinticomp.org.br\/portal\/#website"},"primaryImageOfPage":{"@id":"https:\/\/sinticomp.org.br\/portal\/telecurso-2000\/#primaryimage"},"image":{"@id":"https:\/\/sinticomp.org.br\/portal\/telecurso-2000\/#primaryimage"},"thumbnailUrl":"https:\/\/sinticomp.org.br\/portal\/wp-content\/uploads\/2017\/04\/TELECURSO.jpg","datePublished":"2017-04-01T14:46:46+00:00","dateModified":"2017-04-01T14:48:09+00:00","breadcrumb":{"@id":"https:\/\/sinticomp.org.br\/portal\/telecurso-2000\/#breadcrumb"},"inLanguage":"pt-BR","potentialAction":[{"@type":"ReadAction","target":["https:\/\/sinticomp.org.br\/portal\/telecurso-2000\/"]}]},{"@type":"ImageObject","inLanguage":"pt-BR","@id":"https:\/\/sinticomp.org.br\/portal\/telecurso-2000\/#primaryimage","url":"https:\/\/sinticomp.org.br\/portal\/wp-content\/uploads\/2017\/04\/TELECURSO.jpg","contentUrl":"https:\/\/sinticomp.org.br\/portal\/wp-content\/uploads\/2017\/04\/TELECURSO.jpg","width":940,"height":240},{"@type":"BreadcrumbList","@id":"https:\/\/sinticomp.org.br\/portal\/telecurso-2000\/#breadcrumb","itemListElement":[{"@type":"ListItem","position":1,"name":"In\u00edcio","item":"https:\/\/sinticomp.org.br\/portal\/"},{"@type":"ListItem","position":2,"name":"TELECURSO 2000"}]},{"@type":"WebSite","@id":"https:\/\/sinticomp.org.br\/portal\/#website","url":"https:\/\/sinticomp.org.br\/portal\/","name":"Sindicato dos Trabalhadores nas Ind\u00fastrias da Constru\u00e7\u00e3o e do Mobili\u00e1rio do Prata","description":"Sindicato dos Trabalhadores nas Ind\u00fastrias da Constru\u00e7\u00e3o e do Mobili\u00e1rio do Prata","publisher":{"@id":"https:\/\/sinticomp.org.br\/portal\/#organization"},"alternateName":"Sinticomp - Prata","potentialAction":[{"@type":"SearchAction","target":{"@type":"EntryPoint","urlTemplate":"https:\/\/sinticomp.org.br\/portal\/?s={search_term_string}"},"query-input":{"@type":"PropertyValueSpecification","valueRequired":true,"valueName":"search_term_string"}}],"inLanguage":"pt-BR"},{"@type":"Organization","@id":"https:\/\/sinticomp.org.br\/portal\/#organization","name":"Sindicato dos Trabalhadores nas Ind\u00fastrias da Constru\u00e7\u00e3o e do Mobili\u00e1rio do Prata","alternateName":"Sinticomp Prata","url":"https:\/\/sinticomp.org.br\/portal\/","logo":{"@type":"ImageObject","inLanguage":"pt-BR","@id":"https:\/\/sinticomp.org.br\/portal\/#\/schema\/logo\/image\/","url":"https:\/\/sinticomp.org.br\/portal\/wp-content\/uploads\/2024\/08\/Logo-Sinticomp-Prata-miniatura.jpg","contentUrl":"https:\/\/sinticomp.org.br\/portal\/wp-content\/uploads\/2024\/08\/Logo-Sinticomp-Prata-miniatura.jpg","width":300,"height":314,"caption":"Sindicato dos Trabalhadores nas Ind\u00fastrias da Constru\u00e7\u00e3o e do Mobili\u00e1rio do Prata"},"image":{"@id":"https:\/\/sinticomp.org.br\/portal\/#\/schema\/logo\/image\/"},"sameAs":["https:\/\/www.facebook.com\/Sinticomp","https:\/\/www.instagram.com\/sinticompprata\/"]},{"@type":"Person","@id":"https:\/\/sinticomp.org.br\/portal\/#\/schema\/person\/e77f69a648b27291635a67455423511b","name":"Jo\u00e3o Francisco F. Andrade","image":{"@type":"ImageObject","inLanguage":"pt-BR","@id":"https:\/\/sinticomp.org.br\/portal\/#\/schema\/person\/image\/","url":"https:\/\/secure.gravatar.com\/avatar\/ee93cc58f956b3c6cac9f6160170e360?s=96&d=mm&r=g","contentUrl":"https:\/\/secure.gravatar.com\/avatar\/ee93cc58f956b3c6cac9f6160170e360?s=96&d=mm&r=g","caption":"Jo\u00e3o Francisco F. Andrade"},"description":"Franciele Rodrigues do Nascimento - Arthur Andrade Nascimento","url":"https:\/\/sinticomp.org.br\/portal\/author\/sindicato\/"}]}},"_links":{"self":[{"href":"https:\/\/sinticomp.org.br\/portal\/wp-json\/wp\/v2\/posts\/3821","targetHints":{"allow":["GET"]}}],"collection":[{"href":"https:\/\/sinticomp.org.br\/portal\/wp-json\/wp\/v2\/posts"}],"about":[{"href":"https:\/\/sinticomp.org.br\/portal\/wp-json\/wp\/v2\/types\/post"}],"author":[{"embeddable":true,"href":"https:\/\/sinticomp.org.br\/portal\/wp-json\/wp\/v2\/users\/2"}],"replies":[{"embeddable":true,"href":"https:\/\/sinticomp.org.br\/portal\/wp-json\/wp\/v2\/comments?post=3821"}],"version-history":[{"count":2,"href":"https:\/\/sinticomp.org.br\/portal\/wp-json\/wp\/v2\/posts\/3821\/revisions"}],"predecessor-version":[{"id":3824,"href":"https:\/\/sinticomp.org.br\/portal\/wp-json\/wp\/v2\/posts\/3821\/revisions\/3824"}],"wp:featuredmedia":[{"embeddable":true,"href":"https:\/\/sinticomp.org.br\/portal\/wp-json\/wp\/v2\/media\/3822"}],"wp:attachment":[{"href":"https:\/\/sinticomp.org.br\/portal\/wp-json\/wp\/v2\/media?parent=3821"}],"wp:term":[{"taxonomy":"category","embeddable":true,"href":"https:\/\/sinticomp.org.br\/portal\/wp-json\/wp\/v2\/categories?post=3821"},{"taxonomy":"post_tag","embeddable":true,"href":"https:\/\/sinticomp.org.br\/portal\/wp-json\/wp\/v2\/tags?post=3821"}],"curies":[{"name":"wp","href":"https:\/\/api.w.org\/{rel}","templated":true}]}}