{"id":3258,"date":"2016-10-26T20:19:26","date_gmt":"2016-10-26T20:19:26","guid":{"rendered":"https:\/\/sinticomp.org.br\/portal\/?p=3258"},"modified":"2016-11-04T14:14:14","modified_gmt":"2016-11-04T14:14:14","slug":"encontro-subregional-andino-sobre-trabalho-decente-lima-peru","status":"publish","type":"post","link":"https:\/\/sinticomp.org.br\/portal\/encontro-subregional-andino-sobre-trabalho-decente-lima-peru\/","title":{"rendered":"&#8211; ENCONTRO SUBREGIONAL ANDINO SOBRE TRABALHO DECENTE &#8211; LIMA &#8211; PERU &#8211;"},"content":{"rendered":"<p>Iniciou-se pontualmente as 09 hs (hor\u00e1rio de Lima) com as apresenta\u00e7\u00f5es dos representantes: ERNESTO MARVAL \u2013 NILTON FREITAS \u2013 HOOVER DELGADO (vice-presidente Regional da ICM).<\/p>\n<p>Ap\u00f3s as prele\u00e7\u00f5es, todos os membros fizeram uma breve apresenta\u00e7\u00e3o de suas representa\u00e7\u00f5es e institui\u00e7\u00f5es:<\/p>\n<p>O Sr Nilton Freitas nos informa que as a\u00e7\u00f5es da ICM em 2017, ser\u00e3o mais concentradas em a\u00e7\u00f5es nacionais o que dever\u00e1 ser aprovado agora em Novembro de 2016 em Genebra \u2013 Su\u00ed\u00e7a.<\/p>\n<p>Mas tamb\u00e9m em 2017, teremos a\u00e7\u00f5es nas \u00e1reas da madeira e cimenteira.<\/p>\n<p>Em 29\/11\/2016, os Sindicatos vinculados as cimenteiras, devem adotar a\u00e7\u00f5es sincronizadas sobre as condi\u00e7\u00f5es de trabalho.<\/p>\n<p>Iniciamos as apresenta\u00e7\u00f5es 4\u00ba Congresso Mundial da ICM, pelo Srs. Nilton Freitas e Ernesto Marval, a ser realizado em Durban \u2013 \u00c1frica do Sul, sua agenda e estrat\u00e9gias, elei\u00e7\u00f5es, a\u00e7\u00f5es, proposi\u00e7\u00f5es para este evento, sobre a disponibiliza\u00e7\u00e3o de instala\u00e7\u00f5es e deslocamento, a import\u00e2ncia da participa\u00e7\u00e3o dos membros e o incentivo da participa\u00e7\u00e3o das mulheres&#8230;<\/p>\n<p>Na continuidade, os representantes dos Sindicatos de Col\u00f4mbia e Venezuela, expuseram suas experi\u00eancias sindicais no campo da representatividade.<\/p>\n<p><a href=\"https:\/\/sinticomp.org.br\/portal\/?attachment_id=3260\" rel=\"attachment wp-att-3260\"><img decoding=\"async\" class=\"alignleft size-thumbnail wp-image-3260\" src=\"https:\/\/sinticomp.org.br\/portal\/wp-content\/uploads\/2016\/10\/ICM-2-150x150.jpg\" alt=\"ICM 2\" width=\"150\" height=\"150\" \/><\/a> <a href=\"https:\/\/sinticomp.org.br\/portal\/?attachment_id=3266\" rel=\"attachment wp-att-3266\"><img decoding=\"async\" class=\"alignleft size-thumbnail wp-image-3266\" src=\"https:\/\/sinticomp.org.br\/portal\/wp-content\/uploads\/2016\/10\/ICM1-150x150.jpg\" alt=\"ICM\" width=\"150\" height=\"150\" \/><\/a> <a href=\"https:\/\/sinticomp.org.br\/portal\/?attachment_id=3267\" rel=\"attachment wp-att-3267\"><img decoding=\"async\" class=\"alignleft size-thumbnail wp-image-3267\" src=\"https:\/\/sinticomp.org.br\/portal\/wp-content\/uploads\/2016\/10\/IMG_20161026_0931521-150x150.jpg\" alt=\"IMG_20161026_093152\" width=\"150\" height=\"150\" \/><\/a> <a href=\"https:\/\/sinticomp.org.br\/portal\/?attachment_id=3268\" rel=\"attachment wp-att-3268\"><img loading=\"lazy\" decoding=\"async\" class=\"alignleft size-thumbnail wp-image-3268\" src=\"https:\/\/sinticomp.org.br\/portal\/wp-content\/uploads\/2016\/10\/IMG_20161026_0931591-150x150.jpg\" alt=\"IMG_20161026_093159\" width=\"150\" height=\"150\" \/><\/a> <a href=\"https:\/\/sinticomp.org.br\/portal\/?attachment_id=3269\" rel=\"attachment wp-att-3269\"><img loading=\"lazy\" decoding=\"async\" class=\"alignleft size-thumbnail wp-image-3269\" src=\"https:\/\/sinticomp.org.br\/portal\/wp-content\/uploads\/2016\/10\/IMG_20161026_0932031-150x150.jpg\" alt=\"IMG_20161026_093203\" width=\"150\" height=\"150\" \/><\/a> <a href=\"https:\/\/sinticomp.org.br\/portal\/?attachment_id=3270\" rel=\"attachment wp-att-3270\"><img loading=\"lazy\" decoding=\"async\" class=\"alignleft size-thumbnail wp-image-3270\" src=\"https:\/\/sinticomp.org.br\/portal\/wp-content\/uploads\/2016\/10\/IMG_20161026_1109231-150x150.jpg\" alt=\"IMG_20161026_110923\" width=\"150\" height=\"150\" \/><\/a><\/p>\n<p>&nbsp;<\/p>\n","protected":false},"excerpt":{"rendered":"<p>Iniciou-se pontualmente as 09 hs (hor\u00e1rio de Lima) com as apresenta\u00e7\u00f5es dos representantes: ERNESTO MARVAL \u2013 NILTON FREITAS \u2013 HOOVER DELGADO (vice-presidente Regional da ICM). Ap\u00f3s as prele\u00e7\u00f5es, todos os membros fizeram uma breve apresenta\u00e7\u00e3o de suas representa\u00e7\u00f5es e institui\u00e7\u00f5es: O Sr Nilton Freitas nos informa que as a\u00e7\u00f5es da ICM em 2017, ser\u00e3o mais &#8230; <a title=\"&#8211; ENCONTRO SUBREGIONAL ANDINO SOBRE TRABALHO DECENTE &#8211; LIMA &#8211; PERU &#8211;\" class=\"read-more\" href=\"https:\/\/sinticomp.org.br\/portal\/encontro-subregional-andino-sobre-trabalho-decente-lima-peru\/\" aria-label=\"Read more about &#8211; ENCONTRO SUBREGIONAL ANDINO SOBRE TRABALHO DECENTE &#8211; LIMA &#8211; PERU &#8211;\">Ler mais<\/a><\/p>\n","protected":false},"author":2,"featured_media":3260,"comment_status":"open","ping_status":"open","sticky":false,"template":"","format":"standard","meta":{"footnotes":"","_links_to":"","_links_to_target":""},"categories":[1],"tags":[],"class_list":["post-3258","post","type-post","status-publish","format-standard","has-post-thumbnail","hentry","category-uncategorized"],"yoast_head":"<!-- This site is optimized with the Yoast SEO plugin v24.7 - https:\/\/yoast.com\/wordpress\/plugins\/seo\/ -->\n<title>- ENCONTRO SUBREGIONAL ANDINO SOBRE TRABALHO DECENTE - LIMA - PERU - Sinticomp - Prata<\/title>\n<meta name=\"robots\" content=\"index, follow, max-snippet:-1, max-image-preview:large, max-video-preview:-1\" \/>\n<link rel=\"canonical\" href=\"https:\/\/sinticomp.org.br\/portal\/encontro-subregional-andino-sobre-trabalho-decente-lima-peru\/\" \/>\n<meta property=\"og:locale\" content=\"pt_BR\" \/>\n<meta property=\"og:type\" content=\"article\" \/>\n<meta property=\"og:title\" content=\"- ENCONTRO SUBREGIONAL ANDINO SOBRE TRABALHO DECENTE - LIMA - PERU - Sinticomp - Prata\" \/>\n<meta property=\"og:description\" content=\"Iniciou-se pontualmente as 09 hs (hor\u00e1rio de Lima) com as apresenta\u00e7\u00f5es dos representantes: ERNESTO MARVAL \u2013 NILTON FREITAS \u2013 HOOVER DELGADO (vice-presidente Regional da ICM). Ap\u00f3s as prele\u00e7\u00f5es, todos os membros fizeram uma breve apresenta\u00e7\u00e3o de suas representa\u00e7\u00f5es e institui\u00e7\u00f5es: O Sr Nilton Freitas nos informa que as a\u00e7\u00f5es da ICM em 2017, ser\u00e3o mais ... Ler mais\" \/>\n<meta property=\"og:url\" content=\"https:\/\/sinticomp.org.br\/portal\/encontro-subregional-andino-sobre-trabalho-decente-lima-peru\/\" \/>\n<meta property=\"og:site_name\" content=\"Sinticomp - Prata\" \/>\n<meta property=\"article:publisher\" content=\"https:\/\/www.facebook.com\/Sinticomp\" \/>\n<meta property=\"article:published_time\" content=\"2016-10-26T20:19:26+00:00\" \/>\n<meta property=\"article:modified_time\" content=\"2016-11-04T14:14:14+00:00\" \/>\n<meta property=\"og:image\" content=\"https:\/\/sinticomp.org.br\/portal\/wp-content\/uploads\/2016\/10\/ICM-2.jpg\" \/>\n<meta name=\"author\" content=\"Jo\u00e3o Francisco F. Andrade\" \/>\n<meta name=\"twitter:card\" content=\"summary_large_image\" \/>\n<meta name=\"twitter:label1\" content=\"Escrito por\" \/>\n\t<meta name=\"twitter:data1\" content=\"Jo\u00e3o Francisco F. Andrade\" \/>\n\t<meta name=\"twitter:label2\" content=\"Est. tempo de leitura\" \/>\n\t<meta name=\"twitter:data2\" content=\"1 minuto\" \/>\n<script type=\"application\/ld+json\" class=\"yoast-schema-graph\">{\"@context\":\"https:\/\/schema.org\",\"@graph\":[{\"@type\":\"Article\",\"@id\":\"https:\/\/sinticomp.org.br\/portal\/encontro-subregional-andino-sobre-trabalho-decente-lima-peru\/#article\",\"isPartOf\":{\"@id\":\"https:\/\/sinticomp.org.br\/portal\/encontro-subregional-andino-sobre-trabalho-decente-lima-peru\/\"},\"author\":{\"name\":\"Jo\u00e3o Francisco F. Andrade\",\"@id\":\"https:\/\/sinticomp.org.br\/portal\/#\/schema\/person\/e77f69a648b27291635a67455423511b\"},\"headline\":\"&#8211; ENCONTRO SUBREGIONAL ANDINO SOBRE TRABALHO DECENTE &#8211; LIMA &#8211; PERU &#8211;\",\"datePublished\":\"2016-10-26T20:19:26+00:00\",\"dateModified\":\"2016-11-04T14:14:14+00:00\",\"mainEntityOfPage\":{\"@id\":\"https:\/\/sinticomp.org.br\/portal\/encontro-subregional-andino-sobre-trabalho-decente-lima-peru\/\"},\"wordCount\":202,\"commentCount\":0,\"publisher\":{\"@id\":\"https:\/\/sinticomp.org.br\/portal\/#organization\"},\"image\":{\"@id\":\"https:\/\/sinticomp.org.br\/portal\/encontro-subregional-andino-sobre-trabalho-decente-lima-peru\/#primaryimage\"},\"thumbnailUrl\":\"https:\/\/sinticomp.org.br\/portal\/wp-content\/uploads\/2016\/10\/ICM-2.jpg\",\"articleSection\":[\"Uncategorized\"],\"inLanguage\":\"pt-BR\",\"potentialAction\":[{\"@type\":\"CommentAction\",\"name\":\"Comment\",\"target\":[\"https:\/\/sinticomp.org.br\/portal\/encontro-subregional-andino-sobre-trabalho-decente-lima-peru\/#respond\"]}]},{\"@type\":\"WebPage\",\"@id\":\"https:\/\/sinticomp.org.br\/portal\/encontro-subregional-andino-sobre-trabalho-decente-lima-peru\/\",\"url\":\"https:\/\/sinticomp.org.br\/portal\/encontro-subregional-andino-sobre-trabalho-decente-lima-peru\/\",\"name\":\"- ENCONTRO SUBREGIONAL ANDINO SOBRE TRABALHO DECENTE - LIMA - PERU - Sinticomp - Prata\",\"isPartOf\":{\"@id\":\"https:\/\/sinticomp.org.br\/portal\/#website\"},\"primaryImageOfPage\":{\"@id\":\"https:\/\/sinticomp.org.br\/portal\/encontro-subregional-andino-sobre-trabalho-decente-lima-peru\/#primaryimage\"},\"image\":{\"@id\":\"https:\/\/sinticomp.org.br\/portal\/encontro-subregional-andino-sobre-trabalho-decente-lima-peru\/#primaryimage\"},\"thumbnailUrl\":\"https:\/\/sinticomp.org.br\/portal\/wp-content\/uploads\/2016\/10\/ICM-2.jpg\",\"datePublished\":\"2016-10-26T20:19:26+00:00\",\"dateModified\":\"2016-11-04T14:14:14+00:00\",\"breadcrumb\":{\"@id\":\"https:\/\/sinticomp.org.br\/portal\/encontro-subregional-andino-sobre-trabalho-decente-lima-peru\/#breadcrumb\"},\"inLanguage\":\"pt-BR\",\"potentialAction\":[{\"@type\":\"ReadAction\",\"target\":[\"https:\/\/sinticomp.org.br\/portal\/encontro-subregional-andino-sobre-trabalho-decente-lima-peru\/\"]}]},{\"@type\":\"ImageObject\",\"inLanguage\":\"pt-BR\",\"@id\":\"https:\/\/sinticomp.org.br\/portal\/encontro-subregional-andino-sobre-trabalho-decente-lima-peru\/#primaryimage\",\"url\":\"https:\/\/sinticomp.org.br\/portal\/wp-content\/uploads\/2016\/10\/ICM-2.jpg\",\"contentUrl\":\"https:\/\/sinticomp.org.br\/portal\/wp-content\/uploads\/2016\/10\/ICM-2.jpg\",\"width\":1024,\"height\":768},{\"@type\":\"BreadcrumbList\",\"@id\":\"https:\/\/sinticomp.org.br\/portal\/encontro-subregional-andino-sobre-trabalho-decente-lima-peru\/#breadcrumb\",\"itemListElement\":[{\"@type\":\"ListItem\",\"position\":1,\"name\":\"In\u00edcio\",\"item\":\"https:\/\/sinticomp.org.br\/portal\/\"},{\"@type\":\"ListItem\",\"position\":2,\"name\":\"&#8211; ENCONTRO SUBREGIONAL ANDINO SOBRE TRABALHO DECENTE &#8211; LIMA &#8211; PERU &#8211;\"}]},{\"@type\":\"WebSite\",\"@id\":\"https:\/\/sinticomp.org.br\/portal\/#website\",\"url\":\"https:\/\/sinticomp.org.br\/portal\/\",\"name\":\"Sindicato dos Trabalhadores nas Ind\u00fastrias da Constru\u00e7\u00e3o e do Mobili\u00e1rio do Prata\",\"description\":\"Sindicato dos Trabalhadores nas Ind\u00fastrias da Constru\u00e7\u00e3o e do Mobili\u00e1rio do Prata\",\"publisher\":{\"@id\":\"https:\/\/sinticomp.org.br\/portal\/#organization\"},\"alternateName\":\"Sinticomp - Prata\",\"potentialAction\":[{\"@type\":\"SearchAction\",\"target\":{\"@type\":\"EntryPoint\",\"urlTemplate\":\"https:\/\/sinticomp.org.br\/portal\/?s={search_term_string}\"},\"query-input\":{\"@type\":\"PropertyValueSpecification\",\"valueRequired\":true,\"valueName\":\"search_term_string\"}}],\"inLanguage\":\"pt-BR\"},{\"@type\":\"Organization\",\"@id\":\"https:\/\/sinticomp.org.br\/portal\/#organization\",\"name\":\"Sindicato dos Trabalhadores nas Ind\u00fastrias da Constru\u00e7\u00e3o e do Mobili\u00e1rio do Prata\",\"alternateName\":\"Sinticomp Prata\",\"url\":\"https:\/\/sinticomp.org.br\/portal\/\",\"logo\":{\"@type\":\"ImageObject\",\"inLanguage\":\"pt-BR\",\"@id\":\"https:\/\/sinticomp.org.br\/portal\/#\/schema\/logo\/image\/\",\"url\":\"https:\/\/sinticomp.org.br\/portal\/wp-content\/uploads\/2024\/08\/Logo-Sinticomp-Prata-miniatura.jpg\",\"contentUrl\":\"https:\/\/sinticomp.org.br\/portal\/wp-content\/uploads\/2024\/08\/Logo-Sinticomp-Prata-miniatura.jpg\",\"width\":300,\"height\":314,\"caption\":\"Sindicato dos Trabalhadores nas Ind\u00fastrias da Constru\u00e7\u00e3o e do Mobili\u00e1rio do Prata\"},\"image\":{\"@id\":\"https:\/\/sinticomp.org.br\/portal\/#\/schema\/logo\/image\/\"},\"sameAs\":[\"https:\/\/www.facebook.com\/Sinticomp\",\"https:\/\/www.instagram.com\/sinticompprata\/\"]},{\"@type\":\"Person\",\"@id\":\"https:\/\/sinticomp.org.br\/portal\/#\/schema\/person\/e77f69a648b27291635a67455423511b\",\"name\":\"Jo\u00e3o Francisco F. Andrade\",\"image\":{\"@type\":\"ImageObject\",\"inLanguage\":\"pt-BR\",\"@id\":\"https:\/\/sinticomp.org.br\/portal\/#\/schema\/person\/image\/\",\"url\":\"https:\/\/secure.gravatar.com\/avatar\/ee93cc58f956b3c6cac9f6160170e360?s=96&d=mm&r=g\",\"contentUrl\":\"https:\/\/secure.gravatar.com\/avatar\/ee93cc58f956b3c6cac9f6160170e360?s=96&d=mm&r=g\",\"caption\":\"Jo\u00e3o Francisco F. Andrade\"},\"description\":\"Franciele Rodrigues do Nascimento - Arthur Andrade Nascimento\",\"url\":\"https:\/\/sinticomp.org.br\/portal\/author\/sindicato\/\"}]}<\/script>\n<!-- \/ Yoast SEO plugin. -->","yoast_head_json":{"title":"- ENCONTRO SUBREGIONAL ANDINO SOBRE TRABALHO DECENTE - LIMA - PERU - Sinticomp - Prata","robots":{"index":"index","follow":"follow","max-snippet":"max-snippet:-1","max-image-preview":"max-image-preview:large","max-video-preview":"max-video-preview:-1"},"canonical":"https:\/\/sinticomp.org.br\/portal\/encontro-subregional-andino-sobre-trabalho-decente-lima-peru\/","og_locale":"pt_BR","og_type":"article","og_title":"- ENCONTRO SUBREGIONAL ANDINO SOBRE TRABALHO DECENTE - LIMA - PERU - Sinticomp - Prata","og_description":"Iniciou-se pontualmente as 09 hs (hor\u00e1rio de Lima) com as apresenta\u00e7\u00f5es dos representantes: ERNESTO MARVAL \u2013 NILTON FREITAS \u2013 HOOVER DELGADO (vice-presidente Regional da ICM). Ap\u00f3s as prele\u00e7\u00f5es, todos os membros fizeram uma breve apresenta\u00e7\u00e3o de suas representa\u00e7\u00f5es e institui\u00e7\u00f5es: O Sr Nilton Freitas nos informa que as a\u00e7\u00f5es da ICM em 2017, ser\u00e3o mais ... Ler mais","og_url":"https:\/\/sinticomp.org.br\/portal\/encontro-subregional-andino-sobre-trabalho-decente-lima-peru\/","og_site_name":"Sinticomp - Prata","article_publisher":"https:\/\/www.facebook.com\/Sinticomp","article_published_time":"2016-10-26T20:19:26+00:00","article_modified_time":"2016-11-04T14:14:14+00:00","og_image":[{"url":"https:\/\/sinticomp.org.br\/portal\/wp-content\/uploads\/2016\/10\/ICM-2.jpg","type":"","width":"","height":""}],"author":"Jo\u00e3o Francisco F. Andrade","twitter_card":"summary_large_image","twitter_misc":{"Escrito por":"Jo\u00e3o Francisco F. Andrade","Est. tempo de leitura":"1 minuto"},"schema":{"@context":"https:\/\/schema.org","@graph":[{"@type":"Article","@id":"https:\/\/sinticomp.org.br\/portal\/encontro-subregional-andino-sobre-trabalho-decente-lima-peru\/#article","isPartOf":{"@id":"https:\/\/sinticomp.org.br\/portal\/encontro-subregional-andino-sobre-trabalho-decente-lima-peru\/"},"author":{"name":"Jo\u00e3o Francisco F. Andrade","@id":"https:\/\/sinticomp.org.br\/portal\/#\/schema\/person\/e77f69a648b27291635a67455423511b"},"headline":"&#8211; ENCONTRO SUBREGIONAL ANDINO SOBRE TRABALHO DECENTE &#8211; LIMA &#8211; PERU &#8211;","datePublished":"2016-10-26T20:19:26+00:00","dateModified":"2016-11-04T14:14:14+00:00","mainEntityOfPage":{"@id":"https:\/\/sinticomp.org.br\/portal\/encontro-subregional-andino-sobre-trabalho-decente-lima-peru\/"},"wordCount":202,"commentCount":0,"publisher":{"@id":"https:\/\/sinticomp.org.br\/portal\/#organization"},"image":{"@id":"https:\/\/sinticomp.org.br\/portal\/encontro-subregional-andino-sobre-trabalho-decente-lima-peru\/#primaryimage"},"thumbnailUrl":"https:\/\/sinticomp.org.br\/portal\/wp-content\/uploads\/2016\/10\/ICM-2.jpg","articleSection":["Uncategorized"],"inLanguage":"pt-BR","potentialAction":[{"@type":"CommentAction","name":"Comment","target":["https:\/\/sinticomp.org.br\/portal\/encontro-subregional-andino-sobre-trabalho-decente-lima-peru\/#respond"]}]},{"@type":"WebPage","@id":"https:\/\/sinticomp.org.br\/portal\/encontro-subregional-andino-sobre-trabalho-decente-lima-peru\/","url":"https:\/\/sinticomp.org.br\/portal\/encontro-subregional-andino-sobre-trabalho-decente-lima-peru\/","name":"- ENCONTRO SUBREGIONAL ANDINO SOBRE TRABALHO DECENTE - LIMA - PERU - Sinticomp - Prata","isPartOf":{"@id":"https:\/\/sinticomp.org.br\/portal\/#website"},"primaryImageOfPage":{"@id":"https:\/\/sinticomp.org.br\/portal\/encontro-subregional-andino-sobre-trabalho-decente-lima-peru\/#primaryimage"},"image":{"@id":"https:\/\/sinticomp.org.br\/portal\/encontro-subregional-andino-sobre-trabalho-decente-lima-peru\/#primaryimage"},"thumbnailUrl":"https:\/\/sinticomp.org.br\/portal\/wp-content\/uploads\/2016\/10\/ICM-2.jpg","datePublished":"2016-10-26T20:19:26+00:00","dateModified":"2016-11-04T14:14:14+00:00","breadcrumb":{"@id":"https:\/\/sinticomp.org.br\/portal\/encontro-subregional-andino-sobre-trabalho-decente-lima-peru\/#breadcrumb"},"inLanguage":"pt-BR","potentialAction":[{"@type":"ReadAction","target":["https:\/\/sinticomp.org.br\/portal\/encontro-subregional-andino-sobre-trabalho-decente-lima-peru\/"]}]},{"@type":"ImageObject","inLanguage":"pt-BR","@id":"https:\/\/sinticomp.org.br\/portal\/encontro-subregional-andino-sobre-trabalho-decente-lima-peru\/#primaryimage","url":"https:\/\/sinticomp.org.br\/portal\/wp-content\/uploads\/2016\/10\/ICM-2.jpg","contentUrl":"https:\/\/sinticomp.org.br\/portal\/wp-content\/uploads\/2016\/10\/ICM-2.jpg","width":1024,"height":768},{"@type":"BreadcrumbList","@id":"https:\/\/sinticomp.org.br\/portal\/encontro-subregional-andino-sobre-trabalho-decente-lima-peru\/#breadcrumb","itemListElement":[{"@type":"ListItem","position":1,"name":"In\u00edcio","item":"https:\/\/sinticomp.org.br\/portal\/"},{"@type":"ListItem","position":2,"name":"&#8211; ENCONTRO SUBREGIONAL ANDINO SOBRE TRABALHO DECENTE &#8211; LIMA &#8211; PERU &#8211;"}]},{"@type":"WebSite","@id":"https:\/\/sinticomp.org.br\/portal\/#website","url":"https:\/\/sinticomp.org.br\/portal\/","name":"Sindicato dos Trabalhadores nas Ind\u00fastrias da Constru\u00e7\u00e3o e do Mobili\u00e1rio do Prata","description":"Sindicato dos Trabalhadores nas Ind\u00fastrias da Constru\u00e7\u00e3o e do Mobili\u00e1rio do Prata","publisher":{"@id":"https:\/\/sinticomp.org.br\/portal\/#organization"},"alternateName":"Sinticomp - Prata","potentialAction":[{"@type":"SearchAction","target":{"@type":"EntryPoint","urlTemplate":"https:\/\/sinticomp.org.br\/portal\/?s={search_term_string}"},"query-input":{"@type":"PropertyValueSpecification","valueRequired":true,"valueName":"search_term_string"}}],"inLanguage":"pt-BR"},{"@type":"Organization","@id":"https:\/\/sinticomp.org.br\/portal\/#organization","name":"Sindicato dos Trabalhadores nas Ind\u00fastrias da Constru\u00e7\u00e3o e do Mobili\u00e1rio do Prata","alternateName":"Sinticomp Prata","url":"https:\/\/sinticomp.org.br\/portal\/","logo":{"@type":"ImageObject","inLanguage":"pt-BR","@id":"https:\/\/sinticomp.org.br\/portal\/#\/schema\/logo\/image\/","url":"https:\/\/sinticomp.org.br\/portal\/wp-content\/uploads\/2024\/08\/Logo-Sinticomp-Prata-miniatura.jpg","contentUrl":"https:\/\/sinticomp.org.br\/portal\/wp-content\/uploads\/2024\/08\/Logo-Sinticomp-Prata-miniatura.jpg","width":300,"height":314,"caption":"Sindicato dos Trabalhadores nas Ind\u00fastrias da Constru\u00e7\u00e3o e do Mobili\u00e1rio do Prata"},"image":{"@id":"https:\/\/sinticomp.org.br\/portal\/#\/schema\/logo\/image\/"},"sameAs":["https:\/\/www.facebook.com\/Sinticomp","https:\/\/www.instagram.com\/sinticompprata\/"]},{"@type":"Person","@id":"https:\/\/sinticomp.org.br\/portal\/#\/schema\/person\/e77f69a648b27291635a67455423511b","name":"Jo\u00e3o Francisco F. Andrade","image":{"@type":"ImageObject","inLanguage":"pt-BR","@id":"https:\/\/sinticomp.org.br\/portal\/#\/schema\/person\/image\/","url":"https:\/\/secure.gravatar.com\/avatar\/ee93cc58f956b3c6cac9f6160170e360?s=96&d=mm&r=g","contentUrl":"https:\/\/secure.gravatar.com\/avatar\/ee93cc58f956b3c6cac9f6160170e360?s=96&d=mm&r=g","caption":"Jo\u00e3o Francisco F. Andrade"},"description":"Franciele Rodrigues do Nascimento - Arthur Andrade Nascimento","url":"https:\/\/sinticomp.org.br\/portal\/author\/sindicato\/"}]}},"_links":{"self":[{"href":"https:\/\/sinticomp.org.br\/portal\/wp-json\/wp\/v2\/posts\/3258","targetHints":{"allow":["GET"]}}],"collection":[{"href":"https:\/\/sinticomp.org.br\/portal\/wp-json\/wp\/v2\/posts"}],"about":[{"href":"https:\/\/sinticomp.org.br\/portal\/wp-json\/wp\/v2\/types\/post"}],"author":[{"embeddable":true,"href":"https:\/\/sinticomp.org.br\/portal\/wp-json\/wp\/v2\/users\/2"}],"replies":[{"embeddable":true,"href":"https:\/\/sinticomp.org.br\/portal\/wp-json\/wp\/v2\/comments?post=3258"}],"version-history":[{"count":6,"href":"https:\/\/sinticomp.org.br\/portal\/wp-json\/wp\/v2\/posts\/3258\/revisions"}],"predecessor-version":[{"id":3282,"href":"https:\/\/sinticomp.org.br\/portal\/wp-json\/wp\/v2\/posts\/3258\/revisions\/3282"}],"wp:featuredmedia":[{"embeddable":true,"href":"https:\/\/sinticomp.org.br\/portal\/wp-json\/wp\/v2\/media\/3260"}],"wp:attachment":[{"href":"https:\/\/sinticomp.org.br\/portal\/wp-json\/wp\/v2\/media?parent=3258"}],"wp:term":[{"taxonomy":"category","embeddable":true,"href":"https:\/\/sinticomp.org.br\/portal\/wp-json\/wp\/v2\/categories?post=3258"},{"taxonomy":"post_tag","embeddable":true,"href":"https:\/\/sinticomp.org.br\/portal\/wp-json\/wp\/v2\/tags?post=3258"}],"curies":[{"name":"wp","href":"https:\/\/api.w.org\/{rel}","templated":true}]}}