{"id":3251,"date":"2016-10-04T13:27:24","date_gmt":"2016-10-04T13:27:24","guid":{"rendered":"https:\/\/sinticomp.org.br\/portal\/?p=3251"},"modified":"2016-10-04T13:27:24","modified_gmt":"2016-10-04T13:27:24","slug":"reuniao-conselho-municipal-de-saude","status":"publish","type":"post","link":"https:\/\/sinticomp.org.br\/portal\/reuniao-conselho-municipal-de-saude\/","title":{"rendered":"REUNI\u00c3O CONSELHO MUNICIPAL DE SA\u00daDE."},"content":{"rendered":"<p>&nbsp;<\/p>\n<p>&nbsp;<\/p>\n<p><img decoding=\"async\" class=\"alignleft size-thumbnail wp-image-3253\" alt=\"OLYMPUS DIGITAL CAMERA\" src=\"https:\/\/sinticomp.org.br\/portal\/wp-content\/uploads\/2016\/10\/PA040102-150x150.jpg\" width=\"150\" height=\"150\" \/><img decoding=\"async\" class=\"alignleft size-thumbnail wp-image-3252\" alt=\"OLYMPUS DIGITAL CAMERA\" src=\"https:\/\/sinticomp.org.br\/portal\/wp-content\/uploads\/2016\/10\/PA040101-150x150.jpg\" width=\"150\" height=\"150\" \/><\/p>\n<p>&nbsp;<\/p>\n<p>&nbsp;<\/p>\n<p>&nbsp;<\/p>\n<p>&nbsp;<\/p>\n<p>&nbsp;<\/p>\n<p>&nbsp;<\/p>\n<p><a href=\"https:\/\/sinticomp.org.br\/portal\/wp-content\/uploads\/2016\/10\/PA040101.jpg\">Bom dia!!! O\u00a0<a href=\"https:\/\/www.facebook.com\/sinticomp.prata\" data-hovercard=\"\/ajax\/hovercard\/user.php?id=100003604680475\">Sinticomp Prata<\/a>, participou nesta manh\u00e3 de uma Reuni\u00e3o do Conselho Municipal de Sa\u00fade representados pelos diretores Ronaldo de Lima Hon\u00f3rio ,\u00a0<a href=\"https:\/\/www.facebook.com\/juliagraciela.borgescosta\" data-hovercard=\"\/ajax\/hovercard\/user.php?id=100006879602117\">Julia Graciela Borges Costa<\/a>\u00a0e\u00a0<a href=\"https:\/\/www.facebook.com\/anacarolina.dasilva.942\" data-hovercard=\"\/ajax\/hovercard\/user.php?id=100003042276249\">Ana Carolina da Silva<\/a>\u00a0onde foram discutidos v\u00e1rios assuntos dentre eles a aprova\u00e7\u00e3o de expans\u00e3o da UBS Esperan\u00e7a e novo hor\u00e1rio de reuni\u00f5es<\/a><\/p>\n","protected":false},"excerpt":{"rendered":"<p>&nbsp; &nbsp; &nbsp; &nbsp; &nbsp; &nbsp; &nbsp; &nbsp; Bom dia!!! O\u00a0Sinticomp Prata, participou nesta manh\u00e3 de uma Reuni\u00e3o do Conselho Municipal de Sa\u00fade representados pelos diretores Ronaldo de Lima Hon\u00f3rio ,\u00a0Julia Graciela Borges Costa\u00a0e\u00a0Ana Carolina da Silva\u00a0onde foram discutidos v\u00e1rios assuntos dentre eles a aprova\u00e7\u00e3o de expans\u00e3o da UBS Esperan\u00e7a e novo hor\u00e1rio de reuni\u00f5es<\/p>\n","protected":false},"author":2,"featured_media":3252,"comment_status":"open","ping_status":"open","sticky":false,"template":"","format":"standard","meta":{"footnotes":"","_links_to":"","_links_to_target":""},"categories":[1],"tags":[],"class_list":["post-3251","post","type-post","status-publish","format-standard","has-post-thumbnail","hentry","category-uncategorized"],"yoast_head":"<!-- This site is optimized with the Yoast SEO plugin v24.7 - https:\/\/yoast.com\/wordpress\/plugins\/seo\/ -->\n<title>REUNI\u00c3O CONSELHO MUNICIPAL DE SA\u00daDE. - Sinticomp - Prata<\/title>\n<meta name=\"robots\" content=\"index, follow, max-snippet:-1, max-image-preview:large, max-video-preview:-1\" \/>\n<link rel=\"canonical\" href=\"https:\/\/sinticomp.org.br\/portal\/reuniao-conselho-municipal-de-saude\/\" \/>\n<meta property=\"og:locale\" content=\"pt_BR\" \/>\n<meta property=\"og:type\" content=\"article\" \/>\n<meta property=\"og:title\" content=\"REUNI\u00c3O CONSELHO MUNICIPAL DE SA\u00daDE. - Sinticomp - Prata\" \/>\n<meta property=\"og:description\" content=\"&nbsp; &nbsp; &nbsp; &nbsp; &nbsp; &nbsp; &nbsp; &nbsp; Bom dia!!! O\u00a0Sinticomp Prata, participou nesta manh\u00e3 de uma Reuni\u00e3o do Conselho Municipal de Sa\u00fade representados pelos diretores Ronaldo de Lima Hon\u00f3rio ,\u00a0Julia Graciela Borges Costa\u00a0e\u00a0Ana Carolina da Silva\u00a0onde foram discutidos v\u00e1rios assuntos dentre eles a aprova\u00e7\u00e3o de expans\u00e3o da UBS Esperan\u00e7a e novo hor\u00e1rio de reuni\u00f5es\" \/>\n<meta property=\"og:url\" content=\"https:\/\/sinticomp.org.br\/portal\/reuniao-conselho-municipal-de-saude\/\" \/>\n<meta property=\"og:site_name\" content=\"Sinticomp - Prata\" \/>\n<meta property=\"article:publisher\" content=\"https:\/\/www.facebook.com\/Sinticomp\" \/>\n<meta property=\"article:published_time\" content=\"2016-10-04T13:27:24+00:00\" \/>\n<meta property=\"og:image\" content=\"https:\/\/sinticomp.org.br\/portal\/wp-content\/uploads\/2016\/10\/PA040101.jpg\" \/>\n\t<meta property=\"og:image:width\" content=\"1024\" \/>\n\t<meta property=\"og:image:height\" content=\"768\" \/>\n\t<meta property=\"og:image:type\" content=\"image\/jpeg\" \/>\n<meta name=\"author\" content=\"Jo\u00e3o Francisco F. Andrade\" \/>\n<meta name=\"twitter:card\" content=\"summary_large_image\" \/>\n<meta name=\"twitter:label1\" content=\"Escrito por\" \/>\n\t<meta name=\"twitter:data1\" content=\"Jo\u00e3o Francisco F. Andrade\" \/>\n<script type=\"application\/ld+json\" class=\"yoast-schema-graph\">{\"@context\":\"https:\/\/schema.org\",\"@graph\":[{\"@type\":\"Article\",\"@id\":\"https:\/\/sinticomp.org.br\/portal\/reuniao-conselho-municipal-de-saude\/#article\",\"isPartOf\":{\"@id\":\"https:\/\/sinticomp.org.br\/portal\/reuniao-conselho-municipal-de-saude\/\"},\"author\":{\"name\":\"Jo\u00e3o Francisco F. Andrade\",\"@id\":\"https:\/\/sinticomp.org.br\/portal\/#\/schema\/person\/e77f69a648b27291635a67455423511b\"},\"headline\":\"REUNI\u00c3O CONSELHO MUNICIPAL DE SA\u00daDE.\",\"datePublished\":\"2016-10-04T13:27:24+00:00\",\"mainEntityOfPage\":{\"@id\":\"https:\/\/sinticomp.org.br\/portal\/reuniao-conselho-municipal-de-saude\/\"},\"wordCount\":75,\"commentCount\":0,\"publisher\":{\"@id\":\"https:\/\/sinticomp.org.br\/portal\/#organization\"},\"image\":{\"@id\":\"https:\/\/sinticomp.org.br\/portal\/reuniao-conselho-municipal-de-saude\/#primaryimage\"},\"thumbnailUrl\":\"https:\/\/sinticomp.org.br\/portal\/wp-content\/uploads\/2016\/10\/PA040101.jpg\",\"articleSection\":[\"Uncategorized\"],\"inLanguage\":\"pt-BR\",\"potentialAction\":[{\"@type\":\"CommentAction\",\"name\":\"Comment\",\"target\":[\"https:\/\/sinticomp.org.br\/portal\/reuniao-conselho-municipal-de-saude\/#respond\"]}]},{\"@type\":\"WebPage\",\"@id\":\"https:\/\/sinticomp.org.br\/portal\/reuniao-conselho-municipal-de-saude\/\",\"url\":\"https:\/\/sinticomp.org.br\/portal\/reuniao-conselho-municipal-de-saude\/\",\"name\":\"REUNI\u00c3O CONSELHO MUNICIPAL DE SA\u00daDE. - Sinticomp - Prata\",\"isPartOf\":{\"@id\":\"https:\/\/sinticomp.org.br\/portal\/#website\"},\"primaryImageOfPage\":{\"@id\":\"https:\/\/sinticomp.org.br\/portal\/reuniao-conselho-municipal-de-saude\/#primaryimage\"},\"image\":{\"@id\":\"https:\/\/sinticomp.org.br\/portal\/reuniao-conselho-municipal-de-saude\/#primaryimage\"},\"thumbnailUrl\":\"https:\/\/sinticomp.org.br\/portal\/wp-content\/uploads\/2016\/10\/PA040101.jpg\",\"datePublished\":\"2016-10-04T13:27:24+00:00\",\"breadcrumb\":{\"@id\":\"https:\/\/sinticomp.org.br\/portal\/reuniao-conselho-municipal-de-saude\/#breadcrumb\"},\"inLanguage\":\"pt-BR\",\"potentialAction\":[{\"@type\":\"ReadAction\",\"target\":[\"https:\/\/sinticomp.org.br\/portal\/reuniao-conselho-municipal-de-saude\/\"]}]},{\"@type\":\"ImageObject\",\"inLanguage\":\"pt-BR\",\"@id\":\"https:\/\/sinticomp.org.br\/portal\/reuniao-conselho-municipal-de-saude\/#primaryimage\",\"url\":\"https:\/\/sinticomp.org.br\/portal\/wp-content\/uploads\/2016\/10\/PA040101.jpg\",\"contentUrl\":\"https:\/\/sinticomp.org.br\/portal\/wp-content\/uploads\/2016\/10\/PA040101.jpg\",\"width\":1024,\"height\":768},{\"@type\":\"BreadcrumbList\",\"@id\":\"https:\/\/sinticomp.org.br\/portal\/reuniao-conselho-municipal-de-saude\/#breadcrumb\",\"itemListElement\":[{\"@type\":\"ListItem\",\"position\":1,\"name\":\"In\u00edcio\",\"item\":\"https:\/\/sinticomp.org.br\/portal\/\"},{\"@type\":\"ListItem\",\"position\":2,\"name\":\"REUNI\u00c3O CONSELHO MUNICIPAL DE SA\u00daDE.\"}]},{\"@type\":\"WebSite\",\"@id\":\"https:\/\/sinticomp.org.br\/portal\/#website\",\"url\":\"https:\/\/sinticomp.org.br\/portal\/\",\"name\":\"Sindicato dos Trabalhadores nas Ind\u00fastrias da Constru\u00e7\u00e3o e do Mobili\u00e1rio do Prata\",\"description\":\"Sindicato dos Trabalhadores nas Ind\u00fastrias da Constru\u00e7\u00e3o e do Mobili\u00e1rio do Prata\",\"publisher\":{\"@id\":\"https:\/\/sinticomp.org.br\/portal\/#organization\"},\"alternateName\":\"Sinticomp - Prata\",\"potentialAction\":[{\"@type\":\"SearchAction\",\"target\":{\"@type\":\"EntryPoint\",\"urlTemplate\":\"https:\/\/sinticomp.org.br\/portal\/?s={search_term_string}\"},\"query-input\":{\"@type\":\"PropertyValueSpecification\",\"valueRequired\":true,\"valueName\":\"search_term_string\"}}],\"inLanguage\":\"pt-BR\"},{\"@type\":\"Organization\",\"@id\":\"https:\/\/sinticomp.org.br\/portal\/#organization\",\"name\":\"Sindicato dos Trabalhadores nas Ind\u00fastrias da Constru\u00e7\u00e3o e do Mobili\u00e1rio do Prata\",\"alternateName\":\"Sinticomp Prata\",\"url\":\"https:\/\/sinticomp.org.br\/portal\/\",\"logo\":{\"@type\":\"ImageObject\",\"inLanguage\":\"pt-BR\",\"@id\":\"https:\/\/sinticomp.org.br\/portal\/#\/schema\/logo\/image\/\",\"url\":\"https:\/\/sinticomp.org.br\/portal\/wp-content\/uploads\/2024\/08\/Logo-Sinticomp-Prata-miniatura.jpg\",\"contentUrl\":\"https:\/\/sinticomp.org.br\/portal\/wp-content\/uploads\/2024\/08\/Logo-Sinticomp-Prata-miniatura.jpg\",\"width\":300,\"height\":314,\"caption\":\"Sindicato dos Trabalhadores nas Ind\u00fastrias da Constru\u00e7\u00e3o e do Mobili\u00e1rio do Prata\"},\"image\":{\"@id\":\"https:\/\/sinticomp.org.br\/portal\/#\/schema\/logo\/image\/\"},\"sameAs\":[\"https:\/\/www.facebook.com\/Sinticomp\",\"https:\/\/www.instagram.com\/sinticompprata\/\"]},{\"@type\":\"Person\",\"@id\":\"https:\/\/sinticomp.org.br\/portal\/#\/schema\/person\/e77f69a648b27291635a67455423511b\",\"name\":\"Jo\u00e3o Francisco F. Andrade\",\"image\":{\"@type\":\"ImageObject\",\"inLanguage\":\"pt-BR\",\"@id\":\"https:\/\/sinticomp.org.br\/portal\/#\/schema\/person\/image\/\",\"url\":\"https:\/\/secure.gravatar.com\/avatar\/ee93cc58f956b3c6cac9f6160170e360?s=96&d=mm&r=g\",\"contentUrl\":\"https:\/\/secure.gravatar.com\/avatar\/ee93cc58f956b3c6cac9f6160170e360?s=96&d=mm&r=g\",\"caption\":\"Jo\u00e3o Francisco F. Andrade\"},\"description\":\"Franciele Rodrigues do Nascimento - Arthur Andrade Nascimento\",\"url\":\"https:\/\/sinticomp.org.br\/portal\/author\/sindicato\/\"}]}<\/script>\n<!-- \/ Yoast SEO plugin. -->","yoast_head_json":{"title":"REUNI\u00c3O CONSELHO MUNICIPAL DE SA\u00daDE. - Sinticomp - Prata","robots":{"index":"index","follow":"follow","max-snippet":"max-snippet:-1","max-image-preview":"max-image-preview:large","max-video-preview":"max-video-preview:-1"},"canonical":"https:\/\/sinticomp.org.br\/portal\/reuniao-conselho-municipal-de-saude\/","og_locale":"pt_BR","og_type":"article","og_title":"REUNI\u00c3O CONSELHO MUNICIPAL DE SA\u00daDE. - Sinticomp - Prata","og_description":"&nbsp; &nbsp; &nbsp; &nbsp; &nbsp; &nbsp; &nbsp; &nbsp; Bom dia!!! O\u00a0Sinticomp Prata, participou nesta manh\u00e3 de uma Reuni\u00e3o do Conselho Municipal de Sa\u00fade representados pelos diretores Ronaldo de Lima Hon\u00f3rio ,\u00a0Julia Graciela Borges Costa\u00a0e\u00a0Ana Carolina da Silva\u00a0onde foram discutidos v\u00e1rios assuntos dentre eles a aprova\u00e7\u00e3o de expans\u00e3o da UBS Esperan\u00e7a e novo hor\u00e1rio de reuni\u00f5es","og_url":"https:\/\/sinticomp.org.br\/portal\/reuniao-conselho-municipal-de-saude\/","og_site_name":"Sinticomp - Prata","article_publisher":"https:\/\/www.facebook.com\/Sinticomp","article_published_time":"2016-10-04T13:27:24+00:00","og_image":[{"width":1024,"height":768,"url":"https:\/\/sinticomp.org.br\/portal\/wp-content\/uploads\/2016\/10\/PA040101.jpg","type":"image\/jpeg"}],"author":"Jo\u00e3o Francisco F. Andrade","twitter_card":"summary_large_image","twitter_misc":{"Escrito por":"Jo\u00e3o Francisco F. Andrade"},"schema":{"@context":"https:\/\/schema.org","@graph":[{"@type":"Article","@id":"https:\/\/sinticomp.org.br\/portal\/reuniao-conselho-municipal-de-saude\/#article","isPartOf":{"@id":"https:\/\/sinticomp.org.br\/portal\/reuniao-conselho-municipal-de-saude\/"},"author":{"name":"Jo\u00e3o Francisco F. Andrade","@id":"https:\/\/sinticomp.org.br\/portal\/#\/schema\/person\/e77f69a648b27291635a67455423511b"},"headline":"REUNI\u00c3O CONSELHO MUNICIPAL DE SA\u00daDE.","datePublished":"2016-10-04T13:27:24+00:00","mainEntityOfPage":{"@id":"https:\/\/sinticomp.org.br\/portal\/reuniao-conselho-municipal-de-saude\/"},"wordCount":75,"commentCount":0,"publisher":{"@id":"https:\/\/sinticomp.org.br\/portal\/#organization"},"image":{"@id":"https:\/\/sinticomp.org.br\/portal\/reuniao-conselho-municipal-de-saude\/#primaryimage"},"thumbnailUrl":"https:\/\/sinticomp.org.br\/portal\/wp-content\/uploads\/2016\/10\/PA040101.jpg","articleSection":["Uncategorized"],"inLanguage":"pt-BR","potentialAction":[{"@type":"CommentAction","name":"Comment","target":["https:\/\/sinticomp.org.br\/portal\/reuniao-conselho-municipal-de-saude\/#respond"]}]},{"@type":"WebPage","@id":"https:\/\/sinticomp.org.br\/portal\/reuniao-conselho-municipal-de-saude\/","url":"https:\/\/sinticomp.org.br\/portal\/reuniao-conselho-municipal-de-saude\/","name":"REUNI\u00c3O CONSELHO MUNICIPAL DE SA\u00daDE. - Sinticomp - Prata","isPartOf":{"@id":"https:\/\/sinticomp.org.br\/portal\/#website"},"primaryImageOfPage":{"@id":"https:\/\/sinticomp.org.br\/portal\/reuniao-conselho-municipal-de-saude\/#primaryimage"},"image":{"@id":"https:\/\/sinticomp.org.br\/portal\/reuniao-conselho-municipal-de-saude\/#primaryimage"},"thumbnailUrl":"https:\/\/sinticomp.org.br\/portal\/wp-content\/uploads\/2016\/10\/PA040101.jpg","datePublished":"2016-10-04T13:27:24+00:00","breadcrumb":{"@id":"https:\/\/sinticomp.org.br\/portal\/reuniao-conselho-municipal-de-saude\/#breadcrumb"},"inLanguage":"pt-BR","potentialAction":[{"@type":"ReadAction","target":["https:\/\/sinticomp.org.br\/portal\/reuniao-conselho-municipal-de-saude\/"]}]},{"@type":"ImageObject","inLanguage":"pt-BR","@id":"https:\/\/sinticomp.org.br\/portal\/reuniao-conselho-municipal-de-saude\/#primaryimage","url":"https:\/\/sinticomp.org.br\/portal\/wp-content\/uploads\/2016\/10\/PA040101.jpg","contentUrl":"https:\/\/sinticomp.org.br\/portal\/wp-content\/uploads\/2016\/10\/PA040101.jpg","width":1024,"height":768},{"@type":"BreadcrumbList","@id":"https:\/\/sinticomp.org.br\/portal\/reuniao-conselho-municipal-de-saude\/#breadcrumb","itemListElement":[{"@type":"ListItem","position":1,"name":"In\u00edcio","item":"https:\/\/sinticomp.org.br\/portal\/"},{"@type":"ListItem","position":2,"name":"REUNI\u00c3O CONSELHO MUNICIPAL DE SA\u00daDE."}]},{"@type":"WebSite","@id":"https:\/\/sinticomp.org.br\/portal\/#website","url":"https:\/\/sinticomp.org.br\/portal\/","name":"Sindicato dos Trabalhadores nas Ind\u00fastrias da Constru\u00e7\u00e3o e do Mobili\u00e1rio do Prata","description":"Sindicato dos Trabalhadores nas Ind\u00fastrias da Constru\u00e7\u00e3o e do Mobili\u00e1rio do Prata","publisher":{"@id":"https:\/\/sinticomp.org.br\/portal\/#organization"},"alternateName":"Sinticomp - Prata","potentialAction":[{"@type":"SearchAction","target":{"@type":"EntryPoint","urlTemplate":"https:\/\/sinticomp.org.br\/portal\/?s={search_term_string}"},"query-input":{"@type":"PropertyValueSpecification","valueRequired":true,"valueName":"search_term_string"}}],"inLanguage":"pt-BR"},{"@type":"Organization","@id":"https:\/\/sinticomp.org.br\/portal\/#organization","name":"Sindicato dos Trabalhadores nas Ind\u00fastrias da Constru\u00e7\u00e3o e do Mobili\u00e1rio do Prata","alternateName":"Sinticomp Prata","url":"https:\/\/sinticomp.org.br\/portal\/","logo":{"@type":"ImageObject","inLanguage":"pt-BR","@id":"https:\/\/sinticomp.org.br\/portal\/#\/schema\/logo\/image\/","url":"https:\/\/sinticomp.org.br\/portal\/wp-content\/uploads\/2024\/08\/Logo-Sinticomp-Prata-miniatura.jpg","contentUrl":"https:\/\/sinticomp.org.br\/portal\/wp-content\/uploads\/2024\/08\/Logo-Sinticomp-Prata-miniatura.jpg","width":300,"height":314,"caption":"Sindicato dos Trabalhadores nas Ind\u00fastrias da Constru\u00e7\u00e3o e do Mobili\u00e1rio do Prata"},"image":{"@id":"https:\/\/sinticomp.org.br\/portal\/#\/schema\/logo\/image\/"},"sameAs":["https:\/\/www.facebook.com\/Sinticomp","https:\/\/www.instagram.com\/sinticompprata\/"]},{"@type":"Person","@id":"https:\/\/sinticomp.org.br\/portal\/#\/schema\/person\/e77f69a648b27291635a67455423511b","name":"Jo\u00e3o Francisco F. Andrade","image":{"@type":"ImageObject","inLanguage":"pt-BR","@id":"https:\/\/sinticomp.org.br\/portal\/#\/schema\/person\/image\/","url":"https:\/\/secure.gravatar.com\/avatar\/ee93cc58f956b3c6cac9f6160170e360?s=96&d=mm&r=g","contentUrl":"https:\/\/secure.gravatar.com\/avatar\/ee93cc58f956b3c6cac9f6160170e360?s=96&d=mm&r=g","caption":"Jo\u00e3o Francisco F. Andrade"},"description":"Franciele Rodrigues do Nascimento - Arthur Andrade Nascimento","url":"https:\/\/sinticomp.org.br\/portal\/author\/sindicato\/"}]}},"_links":{"self":[{"href":"https:\/\/sinticomp.org.br\/portal\/wp-json\/wp\/v2\/posts\/3251","targetHints":{"allow":["GET"]}}],"collection":[{"href":"https:\/\/sinticomp.org.br\/portal\/wp-json\/wp\/v2\/posts"}],"about":[{"href":"https:\/\/sinticomp.org.br\/portal\/wp-json\/wp\/v2\/types\/post"}],"author":[{"embeddable":true,"href":"https:\/\/sinticomp.org.br\/portal\/wp-json\/wp\/v2\/users\/2"}],"replies":[{"embeddable":true,"href":"https:\/\/sinticomp.org.br\/portal\/wp-json\/wp\/v2\/comments?post=3251"}],"version-history":[{"count":2,"href":"https:\/\/sinticomp.org.br\/portal\/wp-json\/wp\/v2\/posts\/3251\/revisions"}],"predecessor-version":[{"id":3255,"href":"https:\/\/sinticomp.org.br\/portal\/wp-json\/wp\/v2\/posts\/3251\/revisions\/3255"}],"wp:featuredmedia":[{"embeddable":true,"href":"https:\/\/sinticomp.org.br\/portal\/wp-json\/wp\/v2\/media\/3252"}],"wp:attachment":[{"href":"https:\/\/sinticomp.org.br\/portal\/wp-json\/wp\/v2\/media?parent=3251"}],"wp:term":[{"taxonomy":"category","embeddable":true,"href":"https:\/\/sinticomp.org.br\/portal\/wp-json\/wp\/v2\/categories?post=3251"},{"taxonomy":"post_tag","embeddable":true,"href":"https:\/\/sinticomp.org.br\/portal\/wp-json\/wp\/v2\/tags?post=3251"}],"curies":[{"name":"wp","href":"https:\/\/api.w.org\/{rel}","templated":true}]}}