{"id":2082,"date":"2015-01-09T19:14:30","date_gmt":"2015-01-09T19:14:30","guid":{"rendered":"https:\/\/sinticomp.org.br\/portal\/?p=2082"},"modified":"2015-01-09T19:14:30","modified_gmt":"2015-01-09T19:14:30","slug":"como-tem-atuado-os-sindicato-no-periodo-pos-64-ou-pos-ditadura-militar","status":"publish","type":"post","link":"https:\/\/sinticomp.org.br\/portal\/como-tem-atuado-os-sindicato-no-periodo-pos-64-ou-pos-ditadura-militar\/","title":{"rendered":"Como tem atuado os Sindicato no per\u00edodo p\u00f3s 64 ou p\u00f3s ditadura militar?"},"content":{"rendered":"<p>No princ\u00edpio, a ditadura silenciou toda a organiza\u00e7\u00e3o sindical, inclusive com pris\u00f5es, torturas e at\u00e9 assassinatos de dirigentes, mesmo daqueles que n\u00e3o ofereciam perigo ao sistema capitalista. Depois disso, a ditadura teve duas maneiras de dominar as organiza\u00e7\u00f5es sindicais. Numa, nomeou alguns interventores. Noutra, valeu-se do fato de que muitos dos sindicatos tinham diretorias que n\u00e3o contestavam a ditadura, procurando uma conviv\u00eancia harmoniosa e, por isso mesmo, muito hostilizadas pelo r\u00f3tulo de pelegas. Na opini\u00e3o dos cr\u00edticos do modelo sindical atual, a estrutura confederativa r\u00edgida, o imposto sindical (cujo nome t\u00e9cnico \u00e9 contribui\u00e7\u00e3o sindical), a Justi\u00e7a Trabalhista e a unicidade sindical tornavam as organiza\u00e7\u00f5es sindicais bem apropriadas para o dom\u00ednio pol\u00edtico central. Essa estrutura j\u00e1 tem 76 anos, foi constru\u00edda desde 1937. A ditadura s\u00f3 aproveitou o que j\u00e1 estava pronto, ainda que tenha tido a necessidade de nomear interventores em alguns sindicatos, porque houve casos que fugiram do contexto geral.<\/p>\n<p>Al\u00e9m disso, no per\u00edodo p\u00f3s-64, o movimento sindical brasileiro passou por tr\u00eas momentos distintos.<\/p>\n<p>O primeiro foi de ser contra. Havia unidade entre os democratas. Todas queriam enfrentar e derrubar a ditadura. As lutas, mesmo as de natureza econ\u00f4mica, nos per\u00edodos de ditadura, ganhavam uma clara dimens\u00e3o de car\u00e1ter pol\u00edtico de confronto com o poder. As greves tinham apoio da sociedade.<\/p>\n<p>1\u00aa Fase, de Resist\u00eancia (Ditadura Militar 1964 a 1985): surge o movimento sindical de combate e enfrentamento, muito ideologizado, com questionamento do modelo baseado na unicidade, na contribui\u00e7\u00e3o sindical e nas confedera\u00e7\u00f5es.<\/p>\n<p>O fen\u00f4meno sindical desse per\u00edodo, com forte inser\u00e7\u00e3o no processo de resist\u00eancia \u00e0 ditadura, foi a dissemina\u00e7\u00e3o de oposi\u00e7\u00f5es sindicais \u00e0s diretorias mais tradicionais e conservadoras distantes dos anseios pol\u00edticos que o Brasil clamava. Com m\u00e9todo at\u00e9 ent\u00e3o inovador centrado na mobiliza\u00e7\u00e3o direta das categorias (da\u00ed o nome movimento) e na veicula\u00e7\u00e3o de temas cada vez mais politizados, o movimento sindical cresceu.<\/p>\n<p>Os metal\u00fargicos (ABC e Osasco em SP, MG e RJ), banc\u00e1rios e empregados de estatais lideram essa nova gera\u00e7\u00e3o de dirigentes sindicais, com forte apoio da Igreja Cat\u00f3lica, dos partidos de oposi\u00e7\u00e3o ao regime militar e do movimento estudantil.<\/p>\n<p>Os sindicatos, que dispunham de recursos, passaram a ser o principal suporte das campanhas e manifesta\u00e7\u00f5es dos partidos de oposi\u00e7\u00e3o.<\/p>\n<p>\u00c9 desse per\u00edodo:<\/p>\n<ul>\n<li>a luta por anistia aos perseguidos, cassados ou exilados.<\/li>\n<li>a luta pela liberdade de imprensa e de manifesta\u00e7\u00e3o e pelo fim da censura.<\/li>\n<li>a luta por elei\u00e7\u00f5es diretas para prefeito de capital, governador e presidente.<\/li>\n<li>a luta pela liberdade de organiza\u00e7\u00e3o de partidos pol\u00edticos.<\/li>\n<li>a luta por uma Constituinte exclusiva.<\/li>\n<\/ul>\n<p>A luta sindical nesse per\u00edodo n\u00e3o era apenas por sal\u00e1rios, mas tamb\u00e9m por democracia e liberdade.<\/p>\n<p>O segundo foi de reivindica\u00e7\u00e3o por melhores sal\u00e1rios, por redu\u00e7\u00e3o de jornada, por participa\u00e7\u00e3o nos resultados, por seguran\u00e7a e medicina do trabalho, enfim, por melhores condi\u00e7\u00f5es de trabalho e de vida.<\/p>\n<p>2\u00aa Fase, de Reivindica\u00e7\u00e3o (Nova Rep\u00fablica 1985 a 1989): com os resultados alcan\u00e7ados: a) anistia de 1979 (Figueiredo), b) a elei\u00e7\u00e3o dos governadores de S\u00e3o Paulo, de Minas Gerais e do Rio de Janeiro em 1982, c) a rejei\u00e7\u00e3o dos decretos-leis de arrocho salarial, d) a campanha das diretas-j\u00e1 e) a Constituinte, o movimento passou a reivindicar de modo corporativo.<\/p>\n<p>3\u00aa Fase, de Transi\u00e7\u00e3o (Globaliza\u00e7\u00e3o \u2013 a partir de 1989): na qual n\u00e3o bastava ser contra nem reivindicar. Era preciso formular, adequar-se \u00e0 nova realidade mundial, de globaliza\u00e7\u00e3o, de automa\u00e7\u00e3o, de qualifica\u00e7\u00e3o. O discurso meramente ideol\u00f3gico n\u00e3o mobiliza nem produz resultados.<\/p>\n<p>N\u00e3o se pode desprezar nesse per\u00edodo a for\u00e7a da ideologia neoliberal desencadeada no Brasil a partir de ent\u00e3o, e seus nefastos efeitos sobre a a\u00e7\u00e3o das organiza\u00e7\u00f5es sindicais. Nessa linha, a fort\u00edssima campanha da grande m\u00eddia e dos pol\u00edticos, repetindo no Brasil um pensamento de outros pa\u00edses, al\u00e9m da grande coopta\u00e7\u00e3o por alguns partidos pol\u00edticos das principais lideran\u00e7as consagradas pelo movimento, o processo sindical est\u00e1 a exigir um revigoramento ou mesmo descoberta de um discurso mais envolvente, que j\u00e1 come\u00e7a a se fazer sentir com a retomada do espa\u00e7o p\u00fablico como lugar da pol\u00edtica de que \u00e9 exemplo o movimento \u201cvem pra rua\u201d.<\/p>\n<p><strong><em>Fonte: \u00a0Para que serve e o que faz o movimento sindical \u2013\u00a0Esta publica\u00e7\u00e3o faz parte da s\u00e9rie Educa\u00e7\u00e3o Pol\u00edtica do DIAP \u2013\u00a0Departamento Intersindical de Assessoria Parlamentar, setembro de 2013<\/em><\/strong><\/p>\n","protected":false},"excerpt":{"rendered":"<p>No princ\u00edpio, a ditadura silenciou toda a organiza\u00e7\u00e3o sindical, inclusive com pris\u00f5es, torturas e at\u00e9 assassinatos de dirigentes, mesmo daqueles que n\u00e3o ofereciam perigo ao sistema capitalista. Depois disso, a ditadura teve duas maneiras de dominar as organiza\u00e7\u00f5es sindicais. Numa, nomeou alguns interventores. Noutra, valeu-se do fato de que muitos dos sindicatos tinham diretorias que &#8230; <a title=\"Como tem atuado os Sindicato no per\u00edodo p\u00f3s 64 ou p\u00f3s ditadura militar?\" class=\"read-more\" href=\"https:\/\/sinticomp.org.br\/portal\/como-tem-atuado-os-sindicato-no-periodo-pos-64-ou-pos-ditadura-militar\/\" aria-label=\"Read more about Como tem atuado os Sindicato no per\u00edodo p\u00f3s 64 ou p\u00f3s ditadura militar?\">Ler mais<\/a><\/p>\n","protected":false},"author":2,"featured_media":0,"comment_status":"open","ping_status":"open","sticky":false,"template":"","format":"standard","meta":{"footnotes":"","_links_to":"","_links_to_target":""},"categories":[1],"tags":[],"class_list":["post-2082","post","type-post","status-publish","format-standard","hentry","category-uncategorized"],"yoast_head":"<!-- This site is optimized with the Yoast SEO plugin v24.7 - https:\/\/yoast.com\/wordpress\/plugins\/seo\/ -->\n<title>Como tem atuado os Sindicato no per\u00edodo p\u00f3s 64 ou p\u00f3s ditadura militar? - Sinticomp - Prata<\/title>\n<meta name=\"robots\" content=\"index, follow, max-snippet:-1, max-image-preview:large, max-video-preview:-1\" \/>\n<link rel=\"canonical\" href=\"https:\/\/sinticomp.org.br\/portal\/como-tem-atuado-os-sindicato-no-periodo-pos-64-ou-pos-ditadura-militar\/\" \/>\n<meta property=\"og:locale\" content=\"pt_BR\" \/>\n<meta property=\"og:type\" content=\"article\" \/>\n<meta property=\"og:title\" content=\"Como tem atuado os Sindicato no per\u00edodo p\u00f3s 64 ou p\u00f3s ditadura militar? - Sinticomp - Prata\" \/>\n<meta property=\"og:description\" content=\"No princ\u00edpio, a ditadura silenciou toda a organiza\u00e7\u00e3o sindical, inclusive com pris\u00f5es, torturas e at\u00e9 assassinatos de dirigentes, mesmo daqueles que n\u00e3o ofereciam perigo ao sistema capitalista. Depois disso, a ditadura teve duas maneiras de dominar as organiza\u00e7\u00f5es sindicais. Numa, nomeou alguns interventores. Noutra, valeu-se do fato de que muitos dos sindicatos tinham diretorias que ... Ler mais\" \/>\n<meta property=\"og:url\" content=\"https:\/\/sinticomp.org.br\/portal\/como-tem-atuado-os-sindicato-no-periodo-pos-64-ou-pos-ditadura-militar\/\" \/>\n<meta property=\"og:site_name\" content=\"Sinticomp - Prata\" \/>\n<meta property=\"article:publisher\" content=\"https:\/\/www.facebook.com\/Sinticomp\" \/>\n<meta property=\"article:published_time\" content=\"2015-01-09T19:14:30+00:00\" \/>\n<meta property=\"og:image\" content=\"https:\/\/sinticomp.org.br\/portal\/wp-content\/uploads\/2024\/08\/logo-sinticomp-prata-perfil.jpg\" \/>\n\t<meta property=\"og:image:width\" content=\"500\" \/>\n\t<meta property=\"og:image:height\" content=\"500\" \/>\n\t<meta property=\"og:image:type\" content=\"image\/jpeg\" \/>\n<meta name=\"author\" content=\"Jo\u00e3o Francisco F. Andrade\" \/>\n<meta name=\"twitter:card\" content=\"summary_large_image\" \/>\n<meta name=\"twitter:label1\" content=\"Escrito por\" \/>\n\t<meta name=\"twitter:data1\" content=\"Jo\u00e3o Francisco F. Andrade\" \/>\n\t<meta name=\"twitter:label2\" content=\"Est. tempo de leitura\" \/>\n\t<meta name=\"twitter:data2\" content=\"4 minutos\" \/>\n<script type=\"application\/ld+json\" class=\"yoast-schema-graph\">{\"@context\":\"https:\/\/schema.org\",\"@graph\":[{\"@type\":\"Article\",\"@id\":\"https:\/\/sinticomp.org.br\/portal\/como-tem-atuado-os-sindicato-no-periodo-pos-64-ou-pos-ditadura-militar\/#article\",\"isPartOf\":{\"@id\":\"https:\/\/sinticomp.org.br\/portal\/como-tem-atuado-os-sindicato-no-periodo-pos-64-ou-pos-ditadura-militar\/\"},\"author\":{\"name\":\"Jo\u00e3o Francisco F. Andrade\",\"@id\":\"https:\/\/sinticomp.org.br\/portal\/#\/schema\/person\/e77f69a648b27291635a67455423511b\"},\"headline\":\"Como tem atuado os Sindicato no per\u00edodo p\u00f3s 64 ou p\u00f3s ditadura militar?\",\"datePublished\":\"2015-01-09T19:14:30+00:00\",\"mainEntityOfPage\":{\"@id\":\"https:\/\/sinticomp.org.br\/portal\/como-tem-atuado-os-sindicato-no-periodo-pos-64-ou-pos-ditadura-militar\/\"},\"wordCount\":793,\"commentCount\":0,\"publisher\":{\"@id\":\"https:\/\/sinticomp.org.br\/portal\/#organization\"},\"articleSection\":[\"Uncategorized\"],\"inLanguage\":\"pt-BR\",\"potentialAction\":[{\"@type\":\"CommentAction\",\"name\":\"Comment\",\"target\":[\"https:\/\/sinticomp.org.br\/portal\/como-tem-atuado-os-sindicato-no-periodo-pos-64-ou-pos-ditadura-militar\/#respond\"]}]},{\"@type\":\"WebPage\",\"@id\":\"https:\/\/sinticomp.org.br\/portal\/como-tem-atuado-os-sindicato-no-periodo-pos-64-ou-pos-ditadura-militar\/\",\"url\":\"https:\/\/sinticomp.org.br\/portal\/como-tem-atuado-os-sindicato-no-periodo-pos-64-ou-pos-ditadura-militar\/\",\"name\":\"Como tem atuado os Sindicato no per\u00edodo p\u00f3s 64 ou p\u00f3s ditadura militar? - Sinticomp - Prata\",\"isPartOf\":{\"@id\":\"https:\/\/sinticomp.org.br\/portal\/#website\"},\"datePublished\":\"2015-01-09T19:14:30+00:00\",\"breadcrumb\":{\"@id\":\"https:\/\/sinticomp.org.br\/portal\/como-tem-atuado-os-sindicato-no-periodo-pos-64-ou-pos-ditadura-militar\/#breadcrumb\"},\"inLanguage\":\"pt-BR\",\"potentialAction\":[{\"@type\":\"ReadAction\",\"target\":[\"https:\/\/sinticomp.org.br\/portal\/como-tem-atuado-os-sindicato-no-periodo-pos-64-ou-pos-ditadura-militar\/\"]}]},{\"@type\":\"BreadcrumbList\",\"@id\":\"https:\/\/sinticomp.org.br\/portal\/como-tem-atuado-os-sindicato-no-periodo-pos-64-ou-pos-ditadura-militar\/#breadcrumb\",\"itemListElement\":[{\"@type\":\"ListItem\",\"position\":1,\"name\":\"In\u00edcio\",\"item\":\"https:\/\/sinticomp.org.br\/portal\/\"},{\"@type\":\"ListItem\",\"position\":2,\"name\":\"Como tem atuado os Sindicato no per\u00edodo p\u00f3s 64 ou p\u00f3s ditadura militar?\"}]},{\"@type\":\"WebSite\",\"@id\":\"https:\/\/sinticomp.org.br\/portal\/#website\",\"url\":\"https:\/\/sinticomp.org.br\/portal\/\",\"name\":\"Sindicato dos Trabalhadores nas Ind\u00fastrias da Constru\u00e7\u00e3o e do Mobili\u00e1rio do Prata\",\"description\":\"Sindicato dos Trabalhadores nas Ind\u00fastrias da Constru\u00e7\u00e3o e do Mobili\u00e1rio do Prata\",\"publisher\":{\"@id\":\"https:\/\/sinticomp.org.br\/portal\/#organization\"},\"alternateName\":\"Sinticomp - Prata\",\"potentialAction\":[{\"@type\":\"SearchAction\",\"target\":{\"@type\":\"EntryPoint\",\"urlTemplate\":\"https:\/\/sinticomp.org.br\/portal\/?s={search_term_string}\"},\"query-input\":{\"@type\":\"PropertyValueSpecification\",\"valueRequired\":true,\"valueName\":\"search_term_string\"}}],\"inLanguage\":\"pt-BR\"},{\"@type\":\"Organization\",\"@id\":\"https:\/\/sinticomp.org.br\/portal\/#organization\",\"name\":\"Sindicato dos Trabalhadores nas Ind\u00fastrias da Constru\u00e7\u00e3o e do Mobili\u00e1rio do Prata\",\"alternateName\":\"Sinticomp Prata\",\"url\":\"https:\/\/sinticomp.org.br\/portal\/\",\"logo\":{\"@type\":\"ImageObject\",\"inLanguage\":\"pt-BR\",\"@id\":\"https:\/\/sinticomp.org.br\/portal\/#\/schema\/logo\/image\/\",\"url\":\"https:\/\/sinticomp.org.br\/portal\/wp-content\/uploads\/2024\/08\/Logo-Sinticomp-Prata-miniatura.jpg\",\"contentUrl\":\"https:\/\/sinticomp.org.br\/portal\/wp-content\/uploads\/2024\/08\/Logo-Sinticomp-Prata-miniatura.jpg\",\"width\":300,\"height\":314,\"caption\":\"Sindicato dos Trabalhadores nas Ind\u00fastrias da Constru\u00e7\u00e3o e do Mobili\u00e1rio do Prata\"},\"image\":{\"@id\":\"https:\/\/sinticomp.org.br\/portal\/#\/schema\/logo\/image\/\"},\"sameAs\":[\"https:\/\/www.facebook.com\/Sinticomp\",\"https:\/\/www.instagram.com\/sinticompprata\/\"]},{\"@type\":\"Person\",\"@id\":\"https:\/\/sinticomp.org.br\/portal\/#\/schema\/person\/e77f69a648b27291635a67455423511b\",\"name\":\"Jo\u00e3o Francisco F. Andrade\",\"image\":{\"@type\":\"ImageObject\",\"inLanguage\":\"pt-BR\",\"@id\":\"https:\/\/sinticomp.org.br\/portal\/#\/schema\/person\/image\/\",\"url\":\"https:\/\/secure.gravatar.com\/avatar\/ee93cc58f956b3c6cac9f6160170e360?s=96&d=mm&r=g\",\"contentUrl\":\"https:\/\/secure.gravatar.com\/avatar\/ee93cc58f956b3c6cac9f6160170e360?s=96&d=mm&r=g\",\"caption\":\"Jo\u00e3o Francisco F. Andrade\"},\"description\":\"Franciele Rodrigues do Nascimento - Arthur Andrade Nascimento\",\"url\":\"https:\/\/sinticomp.org.br\/portal\/author\/sindicato\/\"}]}<\/script>\n<!-- \/ Yoast SEO plugin. -->","yoast_head_json":{"title":"Como tem atuado os Sindicato no per\u00edodo p\u00f3s 64 ou p\u00f3s ditadura militar? - Sinticomp - Prata","robots":{"index":"index","follow":"follow","max-snippet":"max-snippet:-1","max-image-preview":"max-image-preview:large","max-video-preview":"max-video-preview:-1"},"canonical":"https:\/\/sinticomp.org.br\/portal\/como-tem-atuado-os-sindicato-no-periodo-pos-64-ou-pos-ditadura-militar\/","og_locale":"pt_BR","og_type":"article","og_title":"Como tem atuado os Sindicato no per\u00edodo p\u00f3s 64 ou p\u00f3s ditadura militar? - Sinticomp - Prata","og_description":"No princ\u00edpio, a ditadura silenciou toda a organiza\u00e7\u00e3o sindical, inclusive com pris\u00f5es, torturas e at\u00e9 assassinatos de dirigentes, mesmo daqueles que n\u00e3o ofereciam perigo ao sistema capitalista. Depois disso, a ditadura teve duas maneiras de dominar as organiza\u00e7\u00f5es sindicais. Numa, nomeou alguns interventores. Noutra, valeu-se do fato de que muitos dos sindicatos tinham diretorias que ... Ler mais","og_url":"https:\/\/sinticomp.org.br\/portal\/como-tem-atuado-os-sindicato-no-periodo-pos-64-ou-pos-ditadura-militar\/","og_site_name":"Sinticomp - Prata","article_publisher":"https:\/\/www.facebook.com\/Sinticomp","article_published_time":"2015-01-09T19:14:30+00:00","og_image":[{"width":500,"height":500,"url":"https:\/\/sinticomp.org.br\/portal\/wp-content\/uploads\/2024\/08\/logo-sinticomp-prata-perfil.jpg","type":"image\/jpeg"}],"author":"Jo\u00e3o Francisco F. Andrade","twitter_card":"summary_large_image","twitter_misc":{"Escrito por":"Jo\u00e3o Francisco F. Andrade","Est. tempo de leitura":"4 minutos"},"schema":{"@context":"https:\/\/schema.org","@graph":[{"@type":"Article","@id":"https:\/\/sinticomp.org.br\/portal\/como-tem-atuado-os-sindicato-no-periodo-pos-64-ou-pos-ditadura-militar\/#article","isPartOf":{"@id":"https:\/\/sinticomp.org.br\/portal\/como-tem-atuado-os-sindicato-no-periodo-pos-64-ou-pos-ditadura-militar\/"},"author":{"name":"Jo\u00e3o Francisco F. Andrade","@id":"https:\/\/sinticomp.org.br\/portal\/#\/schema\/person\/e77f69a648b27291635a67455423511b"},"headline":"Como tem atuado os Sindicato no per\u00edodo p\u00f3s 64 ou p\u00f3s ditadura militar?","datePublished":"2015-01-09T19:14:30+00:00","mainEntityOfPage":{"@id":"https:\/\/sinticomp.org.br\/portal\/como-tem-atuado-os-sindicato-no-periodo-pos-64-ou-pos-ditadura-militar\/"},"wordCount":793,"commentCount":0,"publisher":{"@id":"https:\/\/sinticomp.org.br\/portal\/#organization"},"articleSection":["Uncategorized"],"inLanguage":"pt-BR","potentialAction":[{"@type":"CommentAction","name":"Comment","target":["https:\/\/sinticomp.org.br\/portal\/como-tem-atuado-os-sindicato-no-periodo-pos-64-ou-pos-ditadura-militar\/#respond"]}]},{"@type":"WebPage","@id":"https:\/\/sinticomp.org.br\/portal\/como-tem-atuado-os-sindicato-no-periodo-pos-64-ou-pos-ditadura-militar\/","url":"https:\/\/sinticomp.org.br\/portal\/como-tem-atuado-os-sindicato-no-periodo-pos-64-ou-pos-ditadura-militar\/","name":"Como tem atuado os Sindicato no per\u00edodo p\u00f3s 64 ou p\u00f3s ditadura militar? - Sinticomp - Prata","isPartOf":{"@id":"https:\/\/sinticomp.org.br\/portal\/#website"},"datePublished":"2015-01-09T19:14:30+00:00","breadcrumb":{"@id":"https:\/\/sinticomp.org.br\/portal\/como-tem-atuado-os-sindicato-no-periodo-pos-64-ou-pos-ditadura-militar\/#breadcrumb"},"inLanguage":"pt-BR","potentialAction":[{"@type":"ReadAction","target":["https:\/\/sinticomp.org.br\/portal\/como-tem-atuado-os-sindicato-no-periodo-pos-64-ou-pos-ditadura-militar\/"]}]},{"@type":"BreadcrumbList","@id":"https:\/\/sinticomp.org.br\/portal\/como-tem-atuado-os-sindicato-no-periodo-pos-64-ou-pos-ditadura-militar\/#breadcrumb","itemListElement":[{"@type":"ListItem","position":1,"name":"In\u00edcio","item":"https:\/\/sinticomp.org.br\/portal\/"},{"@type":"ListItem","position":2,"name":"Como tem atuado os Sindicato no per\u00edodo p\u00f3s 64 ou p\u00f3s ditadura militar?"}]},{"@type":"WebSite","@id":"https:\/\/sinticomp.org.br\/portal\/#website","url":"https:\/\/sinticomp.org.br\/portal\/","name":"Sindicato dos Trabalhadores nas Ind\u00fastrias da Constru\u00e7\u00e3o e do Mobili\u00e1rio do Prata","description":"Sindicato dos Trabalhadores nas Ind\u00fastrias da Constru\u00e7\u00e3o e do Mobili\u00e1rio do Prata","publisher":{"@id":"https:\/\/sinticomp.org.br\/portal\/#organization"},"alternateName":"Sinticomp - Prata","potentialAction":[{"@type":"SearchAction","target":{"@type":"EntryPoint","urlTemplate":"https:\/\/sinticomp.org.br\/portal\/?s={search_term_string}"},"query-input":{"@type":"PropertyValueSpecification","valueRequired":true,"valueName":"search_term_string"}}],"inLanguage":"pt-BR"},{"@type":"Organization","@id":"https:\/\/sinticomp.org.br\/portal\/#organization","name":"Sindicato dos Trabalhadores nas Ind\u00fastrias da Constru\u00e7\u00e3o e do Mobili\u00e1rio do Prata","alternateName":"Sinticomp Prata","url":"https:\/\/sinticomp.org.br\/portal\/","logo":{"@type":"ImageObject","inLanguage":"pt-BR","@id":"https:\/\/sinticomp.org.br\/portal\/#\/schema\/logo\/image\/","url":"https:\/\/sinticomp.org.br\/portal\/wp-content\/uploads\/2024\/08\/Logo-Sinticomp-Prata-miniatura.jpg","contentUrl":"https:\/\/sinticomp.org.br\/portal\/wp-content\/uploads\/2024\/08\/Logo-Sinticomp-Prata-miniatura.jpg","width":300,"height":314,"caption":"Sindicato dos Trabalhadores nas Ind\u00fastrias da Constru\u00e7\u00e3o e do Mobili\u00e1rio do Prata"},"image":{"@id":"https:\/\/sinticomp.org.br\/portal\/#\/schema\/logo\/image\/"},"sameAs":["https:\/\/www.facebook.com\/Sinticomp","https:\/\/www.instagram.com\/sinticompprata\/"]},{"@type":"Person","@id":"https:\/\/sinticomp.org.br\/portal\/#\/schema\/person\/e77f69a648b27291635a67455423511b","name":"Jo\u00e3o Francisco F. Andrade","image":{"@type":"ImageObject","inLanguage":"pt-BR","@id":"https:\/\/sinticomp.org.br\/portal\/#\/schema\/person\/image\/","url":"https:\/\/secure.gravatar.com\/avatar\/ee93cc58f956b3c6cac9f6160170e360?s=96&d=mm&r=g","contentUrl":"https:\/\/secure.gravatar.com\/avatar\/ee93cc58f956b3c6cac9f6160170e360?s=96&d=mm&r=g","caption":"Jo\u00e3o Francisco F. Andrade"},"description":"Franciele Rodrigues do Nascimento - Arthur Andrade Nascimento","url":"https:\/\/sinticomp.org.br\/portal\/author\/sindicato\/"}]}},"_links":{"self":[{"href":"https:\/\/sinticomp.org.br\/portal\/wp-json\/wp\/v2\/posts\/2082","targetHints":{"allow":["GET"]}}],"collection":[{"href":"https:\/\/sinticomp.org.br\/portal\/wp-json\/wp\/v2\/posts"}],"about":[{"href":"https:\/\/sinticomp.org.br\/portal\/wp-json\/wp\/v2\/types\/post"}],"author":[{"embeddable":true,"href":"https:\/\/sinticomp.org.br\/portal\/wp-json\/wp\/v2\/users\/2"}],"replies":[{"embeddable":true,"href":"https:\/\/sinticomp.org.br\/portal\/wp-json\/wp\/v2\/comments?post=2082"}],"version-history":[{"count":2,"href":"https:\/\/sinticomp.org.br\/portal\/wp-json\/wp\/v2\/posts\/2082\/revisions"}],"predecessor-version":[{"id":2084,"href":"https:\/\/sinticomp.org.br\/portal\/wp-json\/wp\/v2\/posts\/2082\/revisions\/2084"}],"wp:attachment":[{"href":"https:\/\/sinticomp.org.br\/portal\/wp-json\/wp\/v2\/media?parent=2082"}],"wp:term":[{"taxonomy":"category","embeddable":true,"href":"https:\/\/sinticomp.org.br\/portal\/wp-json\/wp\/v2\/categories?post=2082"},{"taxonomy":"post_tag","embeddable":true,"href":"https:\/\/sinticomp.org.br\/portal\/wp-json\/wp\/v2\/tags?post=2082"}],"curies":[{"name":"wp","href":"https:\/\/api.w.org\/{rel}","templated":true}]}}