{"id":1598,"date":"2014-05-28T22:23:24","date_gmt":"2014-05-28T22:23:24","guid":{"rendered":"https:\/\/sinticomp.org.br\/portal\/?p=1598"},"modified":"2014-05-28T22:23:24","modified_gmt":"2014-05-28T22:23:24","slug":"vistoria-campina-verde-mg","status":"publish","type":"post","link":"https:\/\/sinticomp.org.br\/portal\/vistoria-campina-verde-mg\/","title":{"rendered":"VISTORIA &#8211; CAMPINA VERDE &#8211; MG"},"content":{"rendered":"<p>&nbsp;<\/p>\n<p><a href=\"https:\/\/sinticomp.org.br\/portal\/wp-content\/uploads\/2014\/05\/P52800731.jpg\"><img decoding=\"async\" class=\"alignleft size-thumbnail wp-image-1599\" alt=\"OLYMPUS DIGITAL CAMERA\" src=\"https:\/\/sinticomp.org.br\/portal\/wp-content\/uploads\/2014\/05\/P52800731-150x150.jpg\" width=\"150\" height=\"150\" \/><\/a><\/p>\n<p>&nbsp;<\/p>\n<p>&nbsp;<\/p>\n<p>&nbsp;<\/p>\n<p>&nbsp;<\/p>\n<p>No dia 28 de Maio de 2014, o diretor Jo\u00e3o Francisco do SINTICOMP, como representante da FETICOM MG, acompanhado do diretor Ronaldo de Lima Hon\u00f3rio, estiveram em Campina Verde para realizarem vistoria nas obras populares do programa &#8220;MINHA CASA MINHA VIDA&#8221; em fase final de conclus\u00e3o..sendo que ap\u00f3s, dirigiram-se \u00e1 R\u00e1dio Local para manifestarem seu apoio aos trabalhadores locais, onde foram bem recebidos pelo locutor e propriet\u00e1rio da R\u00e1dio Sr Valter Galdino&#8230; e locutores presentes&#8230;<\/p>\n<div id='gallery-1' class='gallery galleryid-1598 gallery-columns-3 gallery-size-thumbnail'><figure class='gallery-item'>\n\t\t\t<div class='gallery-icon landscape'>\n\t\t\t\t<a href='https:\/\/sinticomp.org.br\/portal\/vistoria-campina-verde-mg\/olympus-digital-camera-393\/#main'><img decoding=\"async\" width=\"150\" height=\"150\" src=\"https:\/\/sinticomp.org.br\/portal\/wp-content\/uploads\/2014\/05\/P5280074-150x150.jpg\" class=\"attachment-thumbnail size-thumbnail\" alt=\"\" \/><\/a>\n\t\t\t<\/div><\/figure><figure class='gallery-item'>\n\t\t\t<div class='gallery-icon landscape'>\n\t\t\t\t<a href='https:\/\/sinticomp.org.br\/portal\/vistoria-campina-verde-mg\/olympus-digital-camera-394\/#main'><img decoding=\"async\" width=\"150\" height=\"150\" src=\"https:\/\/sinticomp.org.br\/portal\/wp-content\/uploads\/2014\/05\/P5280075-150x150.jpg\" class=\"attachment-thumbnail size-thumbnail\" alt=\"\" \/><\/a>\n\t\t\t<\/div><\/figure><figure class='gallery-item'>\n\t\t\t<div class='gallery-icon landscape'>\n\t\t\t\t<a href='https:\/\/sinticomp.org.br\/portal\/vistoria-campina-verde-mg\/olympus-digital-camera-395\/#main'><img loading=\"lazy\" decoding=\"async\" width=\"150\" height=\"150\" src=\"https:\/\/sinticomp.org.br\/portal\/wp-content\/uploads\/2014\/05\/P5280076-150x150.jpg\" class=\"attachment-thumbnail size-thumbnail\" alt=\"\" \/><\/a>\n\t\t\t<\/div><\/figure><figure class='gallery-item'>\n\t\t\t<div class='gallery-icon landscape'>\n\t\t\t\t<a href='https:\/\/sinticomp.org.br\/portal\/vistoria-campina-verde-mg\/olympus-digital-camera-396\/#main'><img loading=\"lazy\" decoding=\"async\" width=\"150\" height=\"150\" src=\"https:\/\/sinticomp.org.br\/portal\/wp-content\/uploads\/2014\/05\/P5280077-150x150.jpg\" class=\"attachment-thumbnail size-thumbnail\" alt=\"\" \/><\/a>\n\t\t\t<\/div><\/figure><figure class='gallery-item'>\n\t\t\t<div class='gallery-icon landscape'>\n\t\t\t\t<a href='https:\/\/sinticomp.org.br\/portal\/vistoria-campina-verde-mg\/olympus-digital-camera-397\/#main'><img loading=\"lazy\" decoding=\"async\" width=\"150\" height=\"150\" src=\"https:\/\/sinticomp.org.br\/portal\/wp-content\/uploads\/2014\/05\/P5280078-150x150.jpg\" class=\"attachment-thumbnail size-thumbnail\" alt=\"\" \/><\/a>\n\t\t\t<\/div><\/figure><figure class='gallery-item'>\n\t\t\t<div class='gallery-icon landscape'>\n\t\t\t\t<a href='https:\/\/sinticomp.org.br\/portal\/vistoria-campina-verde-mg\/olympus-digital-camera-398\/#main'><img loading=\"lazy\" decoding=\"async\" width=\"150\" height=\"150\" src=\"https:\/\/sinticomp.org.br\/portal\/wp-content\/uploads\/2014\/05\/P5280079-150x150.jpg\" class=\"attachment-thumbnail size-thumbnail\" alt=\"\" \/><\/a>\n\t\t\t<\/div><\/figure><figure class='gallery-item'>\n\t\t\t<div class='gallery-icon landscape'>\n\t\t\t\t<a href='https:\/\/sinticomp.org.br\/portal\/vistoria-campina-verde-mg\/olympus-digital-camera-399\/#main'><img loading=\"lazy\" decoding=\"async\" width=\"150\" height=\"150\" src=\"https:\/\/sinticomp.org.br\/portal\/wp-content\/uploads\/2014\/05\/P5280080-150x150.jpg\" class=\"attachment-thumbnail size-thumbnail\" alt=\"\" \/><\/a>\n\t\t\t<\/div><\/figure><figure class='gallery-item'>\n\t\t\t<div class='gallery-icon landscape'>\n\t\t\t\t<a href='https:\/\/sinticomp.org.br\/portal\/vistoria-campina-verde-mg\/olympus-digital-camera-400\/#main'><img loading=\"lazy\" decoding=\"async\" width=\"150\" height=\"150\" src=\"https:\/\/sinticomp.org.br\/portal\/wp-content\/uploads\/2014\/05\/P5280081-150x150.jpg\" class=\"attachment-thumbnail size-thumbnail\" alt=\"\" \/><\/a>\n\t\t\t<\/div><\/figure><figure class='gallery-item'>\n\t\t\t<div class='gallery-icon landscape'>\n\t\t\t\t<a href='https:\/\/sinticomp.org.br\/portal\/vistoria-campina-verde-mg\/olympus-digital-camera-401\/#main'><img loading=\"lazy\" decoding=\"async\" width=\"150\" height=\"150\" src=\"https:\/\/sinticomp.org.br\/portal\/wp-content\/uploads\/2014\/05\/P5280082-150x150.jpg\" class=\"attachment-thumbnail size-thumbnail\" alt=\"\" \/><\/a>\n\t\t\t<\/div><\/figure><figure class='gallery-item'>\n\t\t\t<div class='gallery-icon landscape'>\n\t\t\t\t<a href='https:\/\/sinticomp.org.br\/portal\/vistoria-campina-verde-mg\/olympus-digital-camera-402\/#main'><img loading=\"lazy\" decoding=\"async\" width=\"150\" height=\"150\" src=\"https:\/\/sinticomp.org.br\/portal\/wp-content\/uploads\/2014\/05\/P5280083-150x150.jpg\" class=\"attachment-thumbnail size-thumbnail\" alt=\"\" \/><\/a>\n\t\t\t<\/div><\/figure><figure class='gallery-item'>\n\t\t\t<div class='gallery-icon landscape'>\n\t\t\t\t<a href='https:\/\/sinticomp.org.br\/portal\/vistoria-campina-verde-mg\/olympus-digital-camera-403\/#main'><img loading=\"lazy\" decoding=\"async\" width=\"150\" height=\"150\" src=\"https:\/\/sinticomp.org.br\/portal\/wp-content\/uploads\/2014\/05\/P5280084-150x150.jpg\" class=\"attachment-thumbnail size-thumbnail\" alt=\"\" \/><\/a>\n\t\t\t<\/div><\/figure><figure class='gallery-item'>\n\t\t\t<div class='gallery-icon landscape'>\n\t\t\t\t<a href='https:\/\/sinticomp.org.br\/portal\/vistoria-campina-verde-mg\/olympus-digital-camera-404\/#main'><img loading=\"lazy\" decoding=\"async\" width=\"150\" height=\"150\" src=\"https:\/\/sinticomp.org.br\/portal\/wp-content\/uploads\/2014\/05\/P5280085-150x150.jpg\" class=\"attachment-thumbnail size-thumbnail\" alt=\"\" \/><\/a>\n\t\t\t<\/div><\/figure><figure class='gallery-item'>\n\t\t\t<div class='gallery-icon landscape'>\n\t\t\t\t<a href='https:\/\/sinticomp.org.br\/portal\/vistoria-campina-verde-mg\/olympus-digital-camera-405\/#main'><img loading=\"lazy\" decoding=\"async\" width=\"150\" height=\"150\" src=\"https:\/\/sinticomp.org.br\/portal\/wp-content\/uploads\/2014\/05\/P5280086-150x150.jpg\" class=\"attachment-thumbnail size-thumbnail\" alt=\"\" \/><\/a>\n\t\t\t<\/div><\/figure><figure class='gallery-item'>\n\t\t\t<div class='gallery-icon landscape'>\n\t\t\t\t<a href='https:\/\/sinticomp.org.br\/portal\/vistoria-campina-verde-mg\/olympus-digital-camera-406\/#main'><img loading=\"lazy\" decoding=\"async\" width=\"150\" height=\"150\" src=\"https:\/\/sinticomp.org.br\/portal\/wp-content\/uploads\/2014\/05\/P5280087-150x150.jpg\" class=\"attachment-thumbnail size-thumbnail\" alt=\"\" \/><\/a>\n\t\t\t<\/div><\/figure><figure class='gallery-item'>\n\t\t\t<div class='gallery-icon landscape'>\n\t\t\t\t<a href='https:\/\/sinticomp.org.br\/portal\/vistoria-campina-verde-mg\/olympus-digital-camera-407\/#main'><img loading=\"lazy\" decoding=\"async\" width=\"150\" height=\"150\" src=\"https:\/\/sinticomp.org.br\/portal\/wp-content\/uploads\/2014\/05\/P5280088-150x150.jpg\" class=\"attachment-thumbnail size-thumbnail\" alt=\"\" \/><\/a>\n\t\t\t<\/div><\/figure><figure class='gallery-item'>\n\t\t\t<div class='gallery-icon landscape'>\n\t\t\t\t<a href='https:\/\/sinticomp.org.br\/portal\/vistoria-campina-verde-mg\/olympus-digital-camera-408\/#main'><img loading=\"lazy\" decoding=\"async\" width=\"150\" height=\"150\" src=\"https:\/\/sinticomp.org.br\/portal\/wp-content\/uploads\/2014\/05\/P5280089-150x150.jpg\" class=\"attachment-thumbnail size-thumbnail\" alt=\"\" \/><\/a>\n\t\t\t<\/div><\/figure><figure class='gallery-item'>\n\t\t\t<div class='gallery-icon landscape'>\n\t\t\t\t<a href='https:\/\/sinticomp.org.br\/portal\/vistoria-campina-verde-mg\/olympus-digital-camera-409\/#main'><img loading=\"lazy\" decoding=\"async\" width=\"150\" height=\"150\" src=\"https:\/\/sinticomp.org.br\/portal\/wp-content\/uploads\/2014\/05\/P5280090-150x150.jpg\" class=\"attachment-thumbnail size-thumbnail\" alt=\"\" \/><\/a>\n\t\t\t<\/div><\/figure><figure class='gallery-item'>\n\t\t\t<div class='gallery-icon landscape'>\n\t\t\t\t<a href='https:\/\/sinticomp.org.br\/portal\/vistoria-campina-verde-mg\/olympus-digital-camera-410\/#main'><img loading=\"lazy\" decoding=\"async\" width=\"150\" height=\"150\" src=\"https:\/\/sinticomp.org.br\/portal\/wp-content\/uploads\/2014\/05\/P5280091-150x150.jpg\" class=\"attachment-thumbnail size-thumbnail\" alt=\"\" \/><\/a>\n\t\t\t<\/div><\/figure><figure class='gallery-item'>\n\t\t\t<div class='gallery-icon landscape'>\n\t\t\t\t<a href='https:\/\/sinticomp.org.br\/portal\/vistoria-campina-verde-mg\/olympus-digital-camera-411\/#main'><img loading=\"lazy\" decoding=\"async\" width=\"150\" height=\"150\" src=\"https:\/\/sinticomp.org.br\/portal\/wp-content\/uploads\/2014\/05\/P5280092-150x150.jpg\" class=\"attachment-thumbnail size-thumbnail\" alt=\"\" \/><\/a>\n\t\t\t<\/div><\/figure><figure class='gallery-item'>\n\t\t\t<div class='gallery-icon landscape'>\n\t\t\t\t<a href='https:\/\/sinticomp.org.br\/portal\/vistoria-campina-verde-mg\/olympus-digital-camera-412\/#main'><img loading=\"lazy\" decoding=\"async\" width=\"150\" height=\"150\" src=\"https:\/\/sinticomp.org.br\/portal\/wp-content\/uploads\/2014\/05\/P5280093-150x150.jpg\" class=\"attachment-thumbnail size-thumbnail\" alt=\"\" \/><\/a>\n\t\t\t<\/div><\/figure><figure class='gallery-item'>\n\t\t\t<div class='gallery-icon landscape'>\n\t\t\t\t<a href='https:\/\/sinticomp.org.br\/portal\/vistoria-campina-verde-mg\/olympus-digital-camera-413\/#main'><img loading=\"lazy\" decoding=\"async\" width=\"150\" height=\"150\" src=\"https:\/\/sinticomp.org.br\/portal\/wp-content\/uploads\/2014\/05\/P5280094-150x150.jpg\" class=\"attachment-thumbnail size-thumbnail\" alt=\"\" \/><\/a>\n\t\t\t<\/div><\/figure><figure class='gallery-item'>\n\t\t\t<div class='gallery-icon landscape'>\n\t\t\t\t<a href='https:\/\/sinticomp.org.br\/portal\/vistoria-campina-verde-mg\/olympus-digital-camera-414\/#main'><img loading=\"lazy\" decoding=\"async\" width=\"150\" height=\"150\" src=\"https:\/\/sinticomp.org.br\/portal\/wp-content\/uploads\/2014\/05\/P5280095-150x150.jpg\" class=\"attachment-thumbnail size-thumbnail\" alt=\"\" \/><\/a>\n\t\t\t<\/div><\/figure><figure class='gallery-item'>\n\t\t\t<div class='gallery-icon landscape'>\n\t\t\t\t<a href='https:\/\/sinticomp.org.br\/portal\/vistoria-campina-verde-mg\/olympus-digital-camera-415\/#main'><img loading=\"lazy\" decoding=\"async\" width=\"150\" height=\"150\" src=\"https:\/\/sinticomp.org.br\/portal\/wp-content\/uploads\/2014\/05\/P5280096-150x150.jpg\" class=\"attachment-thumbnail size-thumbnail\" alt=\"\" \/><\/a>\n\t\t\t<\/div><\/figure><figure class='gallery-item'>\n\t\t\t<div class='gallery-icon landscape'>\n\t\t\t\t<a href='https:\/\/sinticomp.org.br\/portal\/vistoria-campina-verde-mg\/olympus-digital-camera-416\/#main'><img loading=\"lazy\" decoding=\"async\" width=\"150\" height=\"150\" src=\"https:\/\/sinticomp.org.br\/portal\/wp-content\/uploads\/2014\/05\/P5280097-150x150.jpg\" class=\"attachment-thumbnail size-thumbnail\" alt=\"\" \/><\/a>\n\t\t\t<\/div><\/figure><figure class='gallery-item'>\n\t\t\t<div class='gallery-icon landscape'>\n\t\t\t\t<a href='https:\/\/sinticomp.org.br\/portal\/vistoria-campina-verde-mg\/olympus-digital-camera-417\/#main'><img loading=\"lazy\" decoding=\"async\" width=\"150\" height=\"150\" src=\"https:\/\/sinticomp.org.br\/portal\/wp-content\/uploads\/2014\/05\/P5280098-150x150.jpg\" class=\"attachment-thumbnail size-thumbnail\" alt=\"\" \/><\/a>\n\t\t\t<\/div><\/figure>\n\t\t<\/div>\n\n","protected":false},"excerpt":{"rendered":"<p>&nbsp; &nbsp; &nbsp; &nbsp; &nbsp; No dia 28 de Maio de 2014, o diretor Jo\u00e3o Francisco do SINTICOMP, como representante da FETICOM MG, acompanhado do diretor Ronaldo de Lima Hon\u00f3rio, estiveram em Campina Verde para realizarem vistoria nas obras populares do programa &#8220;MINHA CASA MINHA VIDA&#8221; em fase final de conclus\u00e3o..sendo que ap\u00f3s, dirigiram-se \u00e1 &#8230; <a title=\"VISTORIA &#8211; CAMPINA VERDE &#8211; MG\" class=\"read-more\" href=\"https:\/\/sinticomp.org.br\/portal\/vistoria-campina-verde-mg\/\" aria-label=\"Read more about VISTORIA &#8211; CAMPINA VERDE &#8211; MG\">Ler mais<\/a><\/p>\n","protected":false},"author":2,"featured_media":1599,"comment_status":"open","ping_status":"open","sticky":false,"template":"","format":"standard","meta":{"footnotes":"","_links_to":"","_links_to_target":""},"categories":[1],"tags":[],"class_list":["post-1598","post","type-post","status-publish","format-standard","has-post-thumbnail","hentry","category-uncategorized"],"yoast_head":"<!-- This site is optimized with the Yoast SEO plugin v24.7 - https:\/\/yoast.com\/wordpress\/plugins\/seo\/ -->\n<title>VISTORIA - CAMPINA VERDE - MG - Sinticomp - Prata<\/title>\n<meta name=\"robots\" content=\"index, follow, max-snippet:-1, max-image-preview:large, max-video-preview:-1\" \/>\n<link rel=\"canonical\" href=\"https:\/\/sinticomp.org.br\/portal\/vistoria-campina-verde-mg\/\" \/>\n<meta property=\"og:locale\" content=\"pt_BR\" \/>\n<meta property=\"og:type\" content=\"article\" \/>\n<meta property=\"og:title\" content=\"VISTORIA - CAMPINA VERDE - MG - Sinticomp - Prata\" \/>\n<meta property=\"og:description\" content=\"&nbsp; &nbsp; &nbsp; &nbsp; &nbsp; No dia 28 de Maio de 2014, o diretor Jo\u00e3o Francisco do SINTICOMP, como representante da FETICOM MG, acompanhado do diretor Ronaldo de Lima Hon\u00f3rio, estiveram em Campina Verde para realizarem vistoria nas obras populares do programa &#8220;MINHA CASA MINHA VIDA&#8221; em fase final de conclus\u00e3o..sendo que ap\u00f3s, dirigiram-se \u00e1 ... Ler mais\" \/>\n<meta property=\"og:url\" content=\"https:\/\/sinticomp.org.br\/portal\/vistoria-campina-verde-mg\/\" \/>\n<meta property=\"og:site_name\" content=\"Sinticomp - Prata\" \/>\n<meta property=\"article:publisher\" content=\"https:\/\/www.facebook.com\/Sinticomp\" \/>\n<meta property=\"article:published_time\" content=\"2014-05-28T22:23:24+00:00\" \/>\n<meta property=\"og:image\" content=\"https:\/\/sinticomp.org.br\/portal\/wp-content\/uploads\/2014\/05\/P52800731.jpg\" \/>\n\t<meta property=\"og:image:width\" content=\"640\" \/>\n\t<meta property=\"og:image:height\" content=\"480\" \/>\n\t<meta property=\"og:image:type\" content=\"image\/jpeg\" \/>\n<meta name=\"author\" content=\"Jo\u00e3o Francisco F. Andrade\" \/>\n<meta name=\"twitter:card\" content=\"summary_large_image\" \/>\n<meta name=\"twitter:label1\" content=\"Escrito por\" \/>\n\t<meta name=\"twitter:data1\" content=\"Jo\u00e3o Francisco F. Andrade\" \/>\n<script type=\"application\/ld+json\" class=\"yoast-schema-graph\">{\"@context\":\"https:\/\/schema.org\",\"@graph\":[{\"@type\":\"Article\",\"@id\":\"https:\/\/sinticomp.org.br\/portal\/vistoria-campina-verde-mg\/#article\",\"isPartOf\":{\"@id\":\"https:\/\/sinticomp.org.br\/portal\/vistoria-campina-verde-mg\/\"},\"author\":{\"name\":\"Jo\u00e3o Francisco F. Andrade\",\"@id\":\"https:\/\/sinticomp.org.br\/portal\/#\/schema\/person\/e77f69a648b27291635a67455423511b\"},\"headline\":\"VISTORIA &#8211; CAMPINA VERDE &#8211; MG\",\"datePublished\":\"2014-05-28T22:23:24+00:00\",\"mainEntityOfPage\":{\"@id\":\"https:\/\/sinticomp.org.br\/portal\/vistoria-campina-verde-mg\/\"},\"wordCount\":93,\"commentCount\":0,\"publisher\":{\"@id\":\"https:\/\/sinticomp.org.br\/portal\/#organization\"},\"image\":{\"@id\":\"https:\/\/sinticomp.org.br\/portal\/vistoria-campina-verde-mg\/#primaryimage\"},\"thumbnailUrl\":\"https:\/\/sinticomp.org.br\/portal\/wp-content\/uploads\/2014\/05\/P52800731.jpg\",\"articleSection\":[\"Uncategorized\"],\"inLanguage\":\"pt-BR\",\"potentialAction\":[{\"@type\":\"CommentAction\",\"name\":\"Comment\",\"target\":[\"https:\/\/sinticomp.org.br\/portal\/vistoria-campina-verde-mg\/#respond\"]}]},{\"@type\":\"WebPage\",\"@id\":\"https:\/\/sinticomp.org.br\/portal\/vistoria-campina-verde-mg\/\",\"url\":\"https:\/\/sinticomp.org.br\/portal\/vistoria-campina-verde-mg\/\",\"name\":\"VISTORIA - CAMPINA VERDE - MG - Sinticomp - Prata\",\"isPartOf\":{\"@id\":\"https:\/\/sinticomp.org.br\/portal\/#website\"},\"primaryImageOfPage\":{\"@id\":\"https:\/\/sinticomp.org.br\/portal\/vistoria-campina-verde-mg\/#primaryimage\"},\"image\":{\"@id\":\"https:\/\/sinticomp.org.br\/portal\/vistoria-campina-verde-mg\/#primaryimage\"},\"thumbnailUrl\":\"https:\/\/sinticomp.org.br\/portal\/wp-content\/uploads\/2014\/05\/P52800731.jpg\",\"datePublished\":\"2014-05-28T22:23:24+00:00\",\"breadcrumb\":{\"@id\":\"https:\/\/sinticomp.org.br\/portal\/vistoria-campina-verde-mg\/#breadcrumb\"},\"inLanguage\":\"pt-BR\",\"potentialAction\":[{\"@type\":\"ReadAction\",\"target\":[\"https:\/\/sinticomp.org.br\/portal\/vistoria-campina-verde-mg\/\"]}]},{\"@type\":\"ImageObject\",\"inLanguage\":\"pt-BR\",\"@id\":\"https:\/\/sinticomp.org.br\/portal\/vistoria-campina-verde-mg\/#primaryimage\",\"url\":\"https:\/\/sinticomp.org.br\/portal\/wp-content\/uploads\/2014\/05\/P52800731.jpg\",\"contentUrl\":\"https:\/\/sinticomp.org.br\/portal\/wp-content\/uploads\/2014\/05\/P52800731.jpg\",\"width\":640,\"height\":480},{\"@type\":\"BreadcrumbList\",\"@id\":\"https:\/\/sinticomp.org.br\/portal\/vistoria-campina-verde-mg\/#breadcrumb\",\"itemListElement\":[{\"@type\":\"ListItem\",\"position\":1,\"name\":\"In\u00edcio\",\"item\":\"https:\/\/sinticomp.org.br\/portal\/\"},{\"@type\":\"ListItem\",\"position\":2,\"name\":\"VISTORIA &#8211; CAMPINA VERDE &#8211; MG\"}]},{\"@type\":\"WebSite\",\"@id\":\"https:\/\/sinticomp.org.br\/portal\/#website\",\"url\":\"https:\/\/sinticomp.org.br\/portal\/\",\"name\":\"Sindicato dos Trabalhadores nas Ind\u00fastrias da Constru\u00e7\u00e3o e do Mobili\u00e1rio do Prata\",\"description\":\"Sindicato dos Trabalhadores nas Ind\u00fastrias da Constru\u00e7\u00e3o e do Mobili\u00e1rio do Prata\",\"publisher\":{\"@id\":\"https:\/\/sinticomp.org.br\/portal\/#organization\"},\"alternateName\":\"Sinticomp - Prata\",\"potentialAction\":[{\"@type\":\"SearchAction\",\"target\":{\"@type\":\"EntryPoint\",\"urlTemplate\":\"https:\/\/sinticomp.org.br\/portal\/?s={search_term_string}\"},\"query-input\":{\"@type\":\"PropertyValueSpecification\",\"valueRequired\":true,\"valueName\":\"search_term_string\"}}],\"inLanguage\":\"pt-BR\"},{\"@type\":\"Organization\",\"@id\":\"https:\/\/sinticomp.org.br\/portal\/#organization\",\"name\":\"Sindicato dos Trabalhadores nas Ind\u00fastrias da Constru\u00e7\u00e3o e do Mobili\u00e1rio do Prata\",\"alternateName\":\"Sinticomp Prata\",\"url\":\"https:\/\/sinticomp.org.br\/portal\/\",\"logo\":{\"@type\":\"ImageObject\",\"inLanguage\":\"pt-BR\",\"@id\":\"https:\/\/sinticomp.org.br\/portal\/#\/schema\/logo\/image\/\",\"url\":\"https:\/\/sinticomp.org.br\/portal\/wp-content\/uploads\/2024\/08\/Logo-Sinticomp-Prata-miniatura.jpg\",\"contentUrl\":\"https:\/\/sinticomp.org.br\/portal\/wp-content\/uploads\/2024\/08\/Logo-Sinticomp-Prata-miniatura.jpg\",\"width\":300,\"height\":314,\"caption\":\"Sindicato dos Trabalhadores nas Ind\u00fastrias da Constru\u00e7\u00e3o e do Mobili\u00e1rio do Prata\"},\"image\":{\"@id\":\"https:\/\/sinticomp.org.br\/portal\/#\/schema\/logo\/image\/\"},\"sameAs\":[\"https:\/\/www.facebook.com\/Sinticomp\",\"https:\/\/www.instagram.com\/sinticompprata\/\"]},{\"@type\":\"Person\",\"@id\":\"https:\/\/sinticomp.org.br\/portal\/#\/schema\/person\/e77f69a648b27291635a67455423511b\",\"name\":\"Jo\u00e3o Francisco F. Andrade\",\"image\":{\"@type\":\"ImageObject\",\"inLanguage\":\"pt-BR\",\"@id\":\"https:\/\/sinticomp.org.br\/portal\/#\/schema\/person\/image\/\",\"url\":\"https:\/\/secure.gravatar.com\/avatar\/ee93cc58f956b3c6cac9f6160170e360?s=96&d=mm&r=g\",\"contentUrl\":\"https:\/\/secure.gravatar.com\/avatar\/ee93cc58f956b3c6cac9f6160170e360?s=96&d=mm&r=g\",\"caption\":\"Jo\u00e3o Francisco F. Andrade\"},\"description\":\"Franciele Rodrigues do Nascimento - Arthur Andrade Nascimento\",\"url\":\"https:\/\/sinticomp.org.br\/portal\/author\/sindicato\/\"}]}<\/script>\n<!-- \/ Yoast SEO plugin. -->","yoast_head_json":{"title":"VISTORIA - CAMPINA VERDE - MG - Sinticomp - Prata","robots":{"index":"index","follow":"follow","max-snippet":"max-snippet:-1","max-image-preview":"max-image-preview:large","max-video-preview":"max-video-preview:-1"},"canonical":"https:\/\/sinticomp.org.br\/portal\/vistoria-campina-verde-mg\/","og_locale":"pt_BR","og_type":"article","og_title":"VISTORIA - CAMPINA VERDE - MG - Sinticomp - Prata","og_description":"&nbsp; &nbsp; &nbsp; &nbsp; &nbsp; No dia 28 de Maio de 2014, o diretor Jo\u00e3o Francisco do SINTICOMP, como representante da FETICOM MG, acompanhado do diretor Ronaldo de Lima Hon\u00f3rio, estiveram em Campina Verde para realizarem vistoria nas obras populares do programa &#8220;MINHA CASA MINHA VIDA&#8221; em fase final de conclus\u00e3o..sendo que ap\u00f3s, dirigiram-se \u00e1 ... Ler mais","og_url":"https:\/\/sinticomp.org.br\/portal\/vistoria-campina-verde-mg\/","og_site_name":"Sinticomp - Prata","article_publisher":"https:\/\/www.facebook.com\/Sinticomp","article_published_time":"2014-05-28T22:23:24+00:00","og_image":[{"width":640,"height":480,"url":"https:\/\/sinticomp.org.br\/portal\/wp-content\/uploads\/2014\/05\/P52800731.jpg","type":"image\/jpeg"}],"author":"Jo\u00e3o Francisco F. Andrade","twitter_card":"summary_large_image","twitter_misc":{"Escrito por":"Jo\u00e3o Francisco F. Andrade"},"schema":{"@context":"https:\/\/schema.org","@graph":[{"@type":"Article","@id":"https:\/\/sinticomp.org.br\/portal\/vistoria-campina-verde-mg\/#article","isPartOf":{"@id":"https:\/\/sinticomp.org.br\/portal\/vistoria-campina-verde-mg\/"},"author":{"name":"Jo\u00e3o Francisco F. Andrade","@id":"https:\/\/sinticomp.org.br\/portal\/#\/schema\/person\/e77f69a648b27291635a67455423511b"},"headline":"VISTORIA &#8211; CAMPINA VERDE &#8211; MG","datePublished":"2014-05-28T22:23:24+00:00","mainEntityOfPage":{"@id":"https:\/\/sinticomp.org.br\/portal\/vistoria-campina-verde-mg\/"},"wordCount":93,"commentCount":0,"publisher":{"@id":"https:\/\/sinticomp.org.br\/portal\/#organization"},"image":{"@id":"https:\/\/sinticomp.org.br\/portal\/vistoria-campina-verde-mg\/#primaryimage"},"thumbnailUrl":"https:\/\/sinticomp.org.br\/portal\/wp-content\/uploads\/2014\/05\/P52800731.jpg","articleSection":["Uncategorized"],"inLanguage":"pt-BR","potentialAction":[{"@type":"CommentAction","name":"Comment","target":["https:\/\/sinticomp.org.br\/portal\/vistoria-campina-verde-mg\/#respond"]}]},{"@type":"WebPage","@id":"https:\/\/sinticomp.org.br\/portal\/vistoria-campina-verde-mg\/","url":"https:\/\/sinticomp.org.br\/portal\/vistoria-campina-verde-mg\/","name":"VISTORIA - CAMPINA VERDE - MG - Sinticomp - Prata","isPartOf":{"@id":"https:\/\/sinticomp.org.br\/portal\/#website"},"primaryImageOfPage":{"@id":"https:\/\/sinticomp.org.br\/portal\/vistoria-campina-verde-mg\/#primaryimage"},"image":{"@id":"https:\/\/sinticomp.org.br\/portal\/vistoria-campina-verde-mg\/#primaryimage"},"thumbnailUrl":"https:\/\/sinticomp.org.br\/portal\/wp-content\/uploads\/2014\/05\/P52800731.jpg","datePublished":"2014-05-28T22:23:24+00:00","breadcrumb":{"@id":"https:\/\/sinticomp.org.br\/portal\/vistoria-campina-verde-mg\/#breadcrumb"},"inLanguage":"pt-BR","potentialAction":[{"@type":"ReadAction","target":["https:\/\/sinticomp.org.br\/portal\/vistoria-campina-verde-mg\/"]}]},{"@type":"ImageObject","inLanguage":"pt-BR","@id":"https:\/\/sinticomp.org.br\/portal\/vistoria-campina-verde-mg\/#primaryimage","url":"https:\/\/sinticomp.org.br\/portal\/wp-content\/uploads\/2014\/05\/P52800731.jpg","contentUrl":"https:\/\/sinticomp.org.br\/portal\/wp-content\/uploads\/2014\/05\/P52800731.jpg","width":640,"height":480},{"@type":"BreadcrumbList","@id":"https:\/\/sinticomp.org.br\/portal\/vistoria-campina-verde-mg\/#breadcrumb","itemListElement":[{"@type":"ListItem","position":1,"name":"In\u00edcio","item":"https:\/\/sinticomp.org.br\/portal\/"},{"@type":"ListItem","position":2,"name":"VISTORIA &#8211; CAMPINA VERDE &#8211; MG"}]},{"@type":"WebSite","@id":"https:\/\/sinticomp.org.br\/portal\/#website","url":"https:\/\/sinticomp.org.br\/portal\/","name":"Sindicato dos Trabalhadores nas Ind\u00fastrias da Constru\u00e7\u00e3o e do Mobili\u00e1rio do Prata","description":"Sindicato dos Trabalhadores nas Ind\u00fastrias da Constru\u00e7\u00e3o e do Mobili\u00e1rio do Prata","publisher":{"@id":"https:\/\/sinticomp.org.br\/portal\/#organization"},"alternateName":"Sinticomp - Prata","potentialAction":[{"@type":"SearchAction","target":{"@type":"EntryPoint","urlTemplate":"https:\/\/sinticomp.org.br\/portal\/?s={search_term_string}"},"query-input":{"@type":"PropertyValueSpecification","valueRequired":true,"valueName":"search_term_string"}}],"inLanguage":"pt-BR"},{"@type":"Organization","@id":"https:\/\/sinticomp.org.br\/portal\/#organization","name":"Sindicato dos Trabalhadores nas Ind\u00fastrias da Constru\u00e7\u00e3o e do Mobili\u00e1rio do Prata","alternateName":"Sinticomp Prata","url":"https:\/\/sinticomp.org.br\/portal\/","logo":{"@type":"ImageObject","inLanguage":"pt-BR","@id":"https:\/\/sinticomp.org.br\/portal\/#\/schema\/logo\/image\/","url":"https:\/\/sinticomp.org.br\/portal\/wp-content\/uploads\/2024\/08\/Logo-Sinticomp-Prata-miniatura.jpg","contentUrl":"https:\/\/sinticomp.org.br\/portal\/wp-content\/uploads\/2024\/08\/Logo-Sinticomp-Prata-miniatura.jpg","width":300,"height":314,"caption":"Sindicato dos Trabalhadores nas Ind\u00fastrias da Constru\u00e7\u00e3o e do Mobili\u00e1rio do Prata"},"image":{"@id":"https:\/\/sinticomp.org.br\/portal\/#\/schema\/logo\/image\/"},"sameAs":["https:\/\/www.facebook.com\/Sinticomp","https:\/\/www.instagram.com\/sinticompprata\/"]},{"@type":"Person","@id":"https:\/\/sinticomp.org.br\/portal\/#\/schema\/person\/e77f69a648b27291635a67455423511b","name":"Jo\u00e3o Francisco F. Andrade","image":{"@type":"ImageObject","inLanguage":"pt-BR","@id":"https:\/\/sinticomp.org.br\/portal\/#\/schema\/person\/image\/","url":"https:\/\/secure.gravatar.com\/avatar\/ee93cc58f956b3c6cac9f6160170e360?s=96&d=mm&r=g","contentUrl":"https:\/\/secure.gravatar.com\/avatar\/ee93cc58f956b3c6cac9f6160170e360?s=96&d=mm&r=g","caption":"Jo\u00e3o Francisco F. Andrade"},"description":"Franciele Rodrigues do Nascimento - Arthur Andrade Nascimento","url":"https:\/\/sinticomp.org.br\/portal\/author\/sindicato\/"}]}},"_links":{"self":[{"href":"https:\/\/sinticomp.org.br\/portal\/wp-json\/wp\/v2\/posts\/1598","targetHints":{"allow":["GET"]}}],"collection":[{"href":"https:\/\/sinticomp.org.br\/portal\/wp-json\/wp\/v2\/posts"}],"about":[{"href":"https:\/\/sinticomp.org.br\/portal\/wp-json\/wp\/v2\/types\/post"}],"author":[{"embeddable":true,"href":"https:\/\/sinticomp.org.br\/portal\/wp-json\/wp\/v2\/users\/2"}],"replies":[{"embeddable":true,"href":"https:\/\/sinticomp.org.br\/portal\/wp-json\/wp\/v2\/comments?post=1598"}],"version-history":[{"count":2,"href":"https:\/\/sinticomp.org.br\/portal\/wp-json\/wp\/v2\/posts\/1598\/revisions"}],"predecessor-version":[{"id":1626,"href":"https:\/\/sinticomp.org.br\/portal\/wp-json\/wp\/v2\/posts\/1598\/revisions\/1626"}],"wp:featuredmedia":[{"embeddable":true,"href":"https:\/\/sinticomp.org.br\/portal\/wp-json\/wp\/v2\/media\/1599"}],"wp:attachment":[{"href":"https:\/\/sinticomp.org.br\/portal\/wp-json\/wp\/v2\/media?parent=1598"}],"wp:term":[{"taxonomy":"category","embeddable":true,"href":"https:\/\/sinticomp.org.br\/portal\/wp-json\/wp\/v2\/categories?post=1598"},{"taxonomy":"post_tag","embeddable":true,"href":"https:\/\/sinticomp.org.br\/portal\/wp-json\/wp\/v2\/tags?post=1598"}],"curies":[{"name":"wp","href":"https:\/\/api.w.org\/{rel}","templated":true}]}}